{"id":37409,"date":"2018-01-15T08:10:19","date_gmt":"2018-01-15T11:10:19","guid":{"rendered":"http:\/\/caririemacao.com\/1\/?p=37409"},"modified":"2018-01-15T08:10:19","modified_gmt":"2018-01-15T11:10:19","slug":"carmen-lucia-se-reune-com-presidente-do-trf4","status":"publish","type":"post","link":"https:\/\/www.caririemacao.com\/1\/2018\/01\/15\/carmen-lucia-se-reune-com-presidente-do-trf4\/","title":{"rendered":"C\u00e1rmen L\u00facia se re\u00fane com presidente do TRF4"},"content":{"rendered":"<p>A presidente do Supremo Tribunal Federal, C\u00e1rmen L\u00facia, se re\u00fane na manh\u00e3 desta segunda-feira (15) com o presidente do Tribunal Regional Federal da 4\u00aa Regi\u00e3o (TRF4), desembargador Carlos Thompson Flores.<\/p>\n<p>Sediado em Porto Alegre, o tribunal vai julgar no pr\u00f3ximo dia 24 um\u00a0recurso do ex-presidente Luiz In\u00e1cio Lula da Silva contra senten\u00e7a na Opera\u00e7\u00e3o Lava Jato, envolvendo o caso do tr\u00edplex, na qual foi condenado a 9 anos e 6 meses de pris\u00e3o, por corrup\u00e7\u00e3o e lavagem de dinheiro.<\/p>\n<p>A defesa de Lula nega as acusa\u00e7\u00f5es. Se a condena\u00e7\u00e3o for confirmada, ele poder\u00e1 ficar de fora das elei\u00e7\u00f5es deste ano e fica sujeito \u00e0 execu\u00e7\u00e3o da pena de pris\u00e3o.<\/p>\n<p>Segundo interlocutores da ministra, o encontro, que ocorrer\u00e1 no gabinete da ministra em Bras\u00edlia, foi pedido pelo pr\u00f3prio desembargador para tratar da seguran\u00e7a do julgamento.<\/p>\n<p>Neste s\u00e1bado (13), o TRF4 confirmou que vem recebendo amea\u00e7as feitas pela internet, telefone e cartas, direcionadas aos tr\u00eas desembargadores que v\u00e3o julgar o caso. O tribunal informou que a Pol\u00edcia Federal est\u00e1 investigando as amea\u00e7as, mas ainda n\u00e3o h\u00e1 informa\u00e7\u00f5es sobre seus autores.<\/p>\n<p>Como presidente do Conselho Nacional de Justi\u00e7a (CNJ), \u00f3rg\u00e3o de controle e administra\u00e7\u00e3o do Judici\u00e1rio no pa\u00eds, C\u00e1rmen L\u00facia tamb\u00e9m comanda um departamento exclusivo para tratar da seguran\u00e7a d e ju\u00edzes e desembargadores.<\/p>\n<p><strong>CARIRI EM A\u00c7\u00c3O<\/strong><\/p>\n<p><em>Com\u00a0G1 \/Foto: Reprodu\u00e7\u00e3o Internet<\/em><\/p>\n<p><strong>Leia mais not\u00edcias em\u00a0<\/strong><a href=\"http:\/\/www.caririemacao.com\/\"><strong>caririemacao.com<\/strong><\/a><strong>, siga nossa p\u00e1gina no\u00a0<\/strong><a href=\"https:\/\/www.facebook.com\/CaririEmAcao\/?ref=aymt_homepage_panel\"><strong>Facebook<\/strong><\/a>,<strong>\u00a0<\/strong><a href=\"https:\/\/www.instagram.com\/cariri_em_acao\/?hl=pt-br\"><strong>Instagram<\/strong><\/a><strong>\u00a0e <\/strong><a href=\"https:\/\/www.youtube.com\/channel\/UCAptA0jQuYQy8vMhLt2m4qg\"><strong>Youtube<\/strong><\/a><strong>\u00a0e veja nossas mat\u00e9rias, v\u00eddeos e fotos. Voc\u00ea tamb\u00e9m pode enviar informa\u00e7\u00f5es \u00e0 Reda\u00e7\u00e3o do Portal Cariri em A\u00e7\u00e3o pelo WhatsApp (83) 9 9634.5791, (83) 9 9601-1162.<\/strong><\/p>\n","protected":false},"excerpt":{"rendered":"<p>A presidente do Supremo Tribunal Federal, C\u00e1rmen L\u00facia, se re\u00fane na manh\u00e3 desta segunda-feira (15) com o presidente do Tribunal Regional Federal da 4\u00aa Regi\u00e3o&hellip; <\/p>\n","protected":false},"author":2,"featured_media":12892,"comment_status":"closed","ping_status":"closed","sticky":false,"template":"","format":"standard","meta":{"sfsi_plus_gutenberg_text_before_share":"","sfsi_plus_gutenberg_show_text_before_share":"","sfsi_plus_gutenberg_icon_type":"","sfsi_plus_gutenberg_icon_alignemt":"","sfsi_plus_gutenburg_max_per_row":"","footnotes":""},"categories":[11],"tags":[],"class_list":["post-37409","post","type-post","status-publish","format-standard","has-post-thumbnail","hentry","category-politica"],"_links":{"self":[{"href":"https:\/\/www.caririemacao.com\/1\/wp-json\/wp\/v2\/posts\/37409","targetHints":{"allow":["GET"]}}],"collection":[{"href":"https:\/\/www.caririemacao.com\/1\/wp-json\/wp\/v2\/posts"}],"about":[{"href":"https:\/\/www.caririemacao.com\/1\/wp-json\/wp\/v2\/types\/post"}],"author":[{"embeddable":true,"href":"https:\/\/www.caririemacao.com\/1\/wp-json\/wp\/v2\/users\/2"}],"replies":[{"embeddable":true,"href":"https:\/\/www.caririemacao.com\/1\/wp-json\/wp\/v2\/comments?post=37409"}],"version-history":[{"count":0,"href":"https:\/\/www.caririemacao.com\/1\/wp-json\/wp\/v2\/posts\/37409\/revisions"}],"wp:featuredmedia":[{"embeddable":true,"href":"https:\/\/www.caririemacao.com\/1\/wp-json\/wp\/v2\/media\/12892"}],"wp:attachment":[{"href":"https:\/\/www.caririemacao.com\/1\/wp-json\/wp\/v2\/media?parent=37409"}],"wp:term":[{"taxonomy":"category","embeddable":true,"href":"https:\/\/www.caririemacao.com\/1\/wp-json\/wp\/v2\/categories?post=37409"},{"taxonomy":"post_tag","embeddable":true,"href":"https:\/\/www.caririemacao.com\/1\/wp-json\/wp\/v2\/tags?post=37409"}],"curies":[{"name":"wp","href":"https:\/\/api.w.org\/{rel}","templated":true}]}}