{"id":37411,"date":"2018-01-15T08:14:20","date_gmt":"2018-01-15T11:14:20","guid":{"rendered":"http:\/\/caririemacao.com\/1\/?p=37411"},"modified":"2018-01-15T08:14:20","modified_gmt":"2018-01-15T11:14:20","slug":"prefeito-de-gurjao-decreta-luto-oficial-por-tres-dias-pela-morte-do-ex-vereador-senhor-martins-ananias","status":"publish","type":"post","link":"https:\/\/www.caririemacao.com\/1\/2018\/01\/15\/prefeito-de-gurjao-decreta-luto-oficial-por-tres-dias-pela-morte-do-ex-vereador-senhor-martins-ananias\/","title":{"rendered":"Prefeito de Gurjao\u00a0 decreta luto oficial por tr\u00eas dias pela morte do Ex Vereador senhor Martins Ananias."},"content":{"rendered":"<p>O prefeito Ronaldo Queiroz decreta luto oficial de tr\u00eas dias devido a morte do Ex Parlamentar da C\u00e2mara\u00a0 Casa Agripino de Farias Gurjao, que faleceu na manh\u00e3\u00a0 deste sabado (13), aos 77 anos. O ex-vereador exerceu 4 mandatos no munic\u00edpio.<\/p>\n<p>O prefeito\u00a0 registra os relevantes servi\u00e7os prestados pelo ex-vereador e as suas qualidades \u00e9ticas e morais no exerc\u00edcio de suas fun\u00e7\u00f5es legislativas.<\/p>\n<p>Sera dado o cumprimento do Luto Oficial nas reparti\u00e7\u00f5es deste munic\u00edpio \u201cmantenho a bandeira hasteadas a meio mastro como forma de homenagear o ex-vereador\u00a0 Martins Ananias \u201d.<\/p>\n<p><strong>CARIRI EM A\u00c7\u00c3O<\/strong><\/p>\n<p><em>Com Ascom\/Foto: Arquivo C\u00e2mara\u00a0de Vereadores\u00a0<\/em><\/p>\n<p><strong>Leia mais not\u00edcias em\u00a0<\/strong><a href=\"http:\/\/www.caririemacao.com\/\"><strong>caririemacao.com<\/strong><\/a><strong>, siga nossa p\u00e1gina no\u00a0<\/strong><a href=\"https:\/\/www.facebook.com\/CaririEmAcao\/?ref=aymt_homepage_panel\"><strong>Facebook<\/strong><\/a>,<strong>\u00a0<\/strong><a href=\"https:\/\/www.instagram.com\/cariri_em_acao\/?hl=pt-br\"><strong>Instagram<\/strong><\/a><strong>\u00a0e <\/strong><a href=\"https:\/\/www.youtube.com\/channel\/UCAptA0jQuYQy8vMhLt2m4qg\"><strong>Youtube<\/strong><\/a><strong>\u00a0e veja nossas mat\u00e9rias, v\u00eddeos e fotos. Voc\u00ea tamb\u00e9m pode enviar informa\u00e7\u00f5es \u00e0 Reda\u00e7\u00e3o do Portal Cariri em A\u00e7\u00e3o pelo WhatsApp (83) 9 9634.5791, (83) 9 9601-1162.<\/strong><\/p>\n","protected":false},"excerpt":{"rendered":"<p>O prefeito Ronaldo Queiroz decreta luto oficial de tr\u00eas dias devido a morte do Ex Parlamentar da C\u00e2mara\u00a0 Casa Agripino de Farias Gurjao, que faleceu&hellip; <\/p>\n","protected":false},"author":2,"featured_media":37217,"comment_status":"closed","ping_status":"closed","sticky":false,"template":"","format":"standard","meta":{"sfsi_plus_gutenberg_text_before_share":"","sfsi_plus_gutenberg_show_text_before_share":"","sfsi_plus_gutenberg_icon_type":"","sfsi_plus_gutenberg_icon_alignemt":"","sfsi_plus_gutenburg_max_per_row":"","footnotes":""},"categories":[6],"tags":[],"class_list":["post-37411","post","type-post","status-publish","format-standard","has-post-thumbnail","hentry","category-cidades"],"_links":{"self":[{"href":"https:\/\/www.caririemacao.com\/1\/wp-json\/wp\/v2\/posts\/37411","targetHints":{"allow":["GET"]}}],"collection":[{"href":"https:\/\/www.caririemacao.com\/1\/wp-json\/wp\/v2\/posts"}],"about":[{"href":"https:\/\/www.caririemacao.com\/1\/wp-json\/wp\/v2\/types\/post"}],"author":[{"embeddable":true,"href":"https:\/\/www.caririemacao.com\/1\/wp-json\/wp\/v2\/users\/2"}],"replies":[{"embeddable":true,"href":"https:\/\/www.caririemacao.com\/1\/wp-json\/wp\/v2\/comments?post=37411"}],"version-history":[{"count":0,"href":"https:\/\/www.caririemacao.com\/1\/wp-json\/wp\/v2\/posts\/37411\/revisions"}],"wp:featuredmedia":[{"embeddable":true,"href":"https:\/\/www.caririemacao.com\/1\/wp-json\/wp\/v2\/media\/37217"}],"wp:attachment":[{"href":"https:\/\/www.caririemacao.com\/1\/wp-json\/wp\/v2\/media?parent=37411"}],"wp:term":[{"taxonomy":"category","embeddable":true,"href":"https:\/\/www.caririemacao.com\/1\/wp-json\/wp\/v2\/categories?post=37411"},{"taxonomy":"post_tag","embeddable":true,"href":"https:\/\/www.caririemacao.com\/1\/wp-json\/wp\/v2\/tags?post=37411"}],"curies":[{"name":"wp","href":"https:\/\/api.w.org\/{rel}","templated":true}]}}