{"id":37416,"date":"2018-01-15T08:59:08","date_gmt":"2018-01-15T11:59:08","guid":{"rendered":"http:\/\/caririemacao.com\/1\/?p=37416"},"modified":"2018-01-15T08:59:08","modified_gmt":"2018-01-15T11:59:08","slug":"troca-troca-ministerial-prejudica-eficiencia-e-dificulta-execucao-de-programas-do-governo-avaliam-especialistas","status":"publish","type":"post","link":"https:\/\/www.caririemacao.com\/1\/2018\/01\/15\/troca-troca-ministerial-prejudica-eficiencia-e-dificulta-execucao-de-programas-do-governo-avaliam-especialistas\/","title":{"rendered":"Troca-troca ministerial prejudica efici\u00eancia e dificulta execu\u00e7\u00e3o de programas do governo, avaliam especialistas"},"content":{"rendered":"<div class=\"mc-column content-media content-media--normal  content-photo\" data-block-type=\"backstage-photo\" data-block-id=\"0\">\n<div class=\"content-media__container\">\n<div class=\"content-media__description-centered \">\n<p class=\"content-media__description\">A frequente troca de ministros no governo de Michel Temer dificulta a execu\u00e7\u00e3o de programas de longo prazo, atrapalha o funcionamento da burocracia e pode reduzir a efici\u00eancia da presta\u00e7\u00e3o de servi\u00e7os, segundo avalia\u00e7\u00e3o de especialistas .<\/p>\n<\/div>\n<\/div>\n<\/div>\n<div class=\"mc-column content-text active-extra-styles \" data-block-type=\"unstyled\" data-block-weight=\"21\" data-block-id=\"3\">\n<p class=\"content-text__container \" data-track-category=\"Link no Texto\" data-track-links=\"\">Atualmente, o presidente enfrenta dificuldades no Judici\u00e1rio para que a deputada federal\u00a0Cristiane Brasil (PTB-RJ) tome posse como ministra do Trabalho.<\/p>\n<\/div>\n<div class=\"mc-column content-text active-extra-styles \" data-block-type=\"unstyled\" data-block-weight=\"36\" data-block-id=\"4\">\n<p class=\"content-text__container \" data-track-category=\"Link no Texto\" data-track-links=\"\">Desde o in\u00edcio do governo, h\u00e1 um ano e oito meses, 15 ministros j\u00e1 foram substitu\u00eddos em 11 pastas.\u00a0Outros 11 a 15 titulares do primeiro escal\u00e3o podem sair at\u00e9 abril\u00a0em raz\u00e3o da campanha eleitoral.<\/p>\n<\/div>\n<div class=\"mc-column content-text active-extra-styles \" data-block-type=\"unstyled\" data-block-weight=\"52\" data-block-id=\"5\">\n<p class=\"content-text__container \" data-track-category=\"Link no Texto\" data-track-links=\"\">O primeiro escal\u00e3o de Temer \u00e9 composto no momento por 28 minist\u00e9rios. Com a s\u00e9rie de mudan\u00e7as, as pastas da\u00a0Justi\u00e7a,\u00a0Cultura\u00a0e\u00a0Secretaria de Governo\u00a0contabilizam tr\u00eas ministros em menos de dois anos, enquanto os minist\u00e9rios do Trabalho, da\u00a0Ind\u00fastria e Com\u00e9rcio Exterior\u00a0e da Transpar\u00eancia est\u00e3o nas m\u00e3os de interinos.<\/p>\n<\/div>\n<div class=\"row medium-uncollapsed content-text\">\n<div class=\"column medium-centered medium-22 large-20\">\n<div class=\"show-table\">\n<p class=\"mc-column show-table__title\">TROCAS DE MINISTROS NO GOVERNO TEMER<\/p>\n<div class=\"show-table__centralized\">\n<div class=\"show-table__container\">\n<table class=\"show-table__content\n show-table__content--highlight-top        \"><\/p>\n<tbody>\n<tr>\n<td>MINIST\u00c9RIO<\/td>\n<td>QUEM SAIU<\/td>\n<td>QUANDO<\/td>\n<td>QUEM ENTROU<\/td>\n<td>QUANDO<\/td>\n<\/tr>\n<tr>\n<td>Planejamento<\/td>\n<td>Romero Juc\u00e1<\/td>\n<td>23.03.2016<\/td>\n<td>Dyogo Oliveira<\/td>\n<td>31.03.2017<\/td>\n<\/tr>\n<tr>\n<td>Transpar\u00eancia<\/td>\n<td>Fabiano Silveira<\/td>\n<td>30.05.2016<\/td>\n<td>Torquato Jardim<\/td>\n<td>02.06.2016<\/td>\n<\/tr>\n<tr>\n<td>Turismo<\/td>\n<td>Henrique Alves<\/td>\n<td>16.06.2016<\/td>\n<td>Marx Beltr\u00e3o<\/td>\n<td>05.10.2016<\/td>\n<\/tr>\n<tr>\n<td>AGU<\/td>\n<td>F\u00e1bio Medina Os\u00f3rio<\/td>\n<td>09.09.2016<\/td>\n<td>Grace Mendon\u00e7a<\/td>\n<td>14.09.2016<\/td>\n<\/tr>\n<tr>\n<td>Cultura<\/td>\n<td>Marcelo Calero<\/td>\n<td>18.11.2016<\/td>\n<td>Roberto Freire<\/td>\n<td>23.11.2016<\/td>\n<\/tr>\n<tr>\n<td>Secretaria de Governo<\/td>\n<td>Geddel Vieira Lima<\/td>\n<td>25.11.2016<\/td>\n<td>Antonio Imbassahy<\/td>\n<td>03.02.2017<\/td>\n<\/tr>\n<tr>\n<td>Justi\u00e7a<\/td>\n<td>Alexandre de Moraes<\/td>\n<td>07.02.2017<\/td>\n<td>Osmar Serraglio<\/td>\n<td>07.03.2017<\/td>\n<\/tr>\n<tr>\n<td>Rela\u00e7\u00f5es Exteriores<\/td>\n<td>Jos\u00e9 Serra<\/td>\n<td>22.02.2017<\/td>\n<td>Aloysio Nunes<\/td>\n<td>07.03.2017<\/td>\n<\/tr>\n<tr>\n<td>Cultura<\/td>\n<td>Roberto Freire<\/td>\n<td>18.05.2017<\/td>\n<td>S\u00e9rgio S\u00e1 Leit\u00e3o<\/td>\n<td>25.07.2017<\/td>\n<\/tr>\n<tr>\n<td>Justi\u00e7a<\/td>\n<td>Osmar Serraglio<\/td>\n<td>28.05.2017<\/td>\n<td>Torquato Jardim<\/td>\n<td>31.05.2017<\/td>\n<\/tr>\n<tr>\n<td>Transpar\u00eancia<\/td>\n<td>Torquato Jardim<\/td>\n<td>28.05.2017<\/td>\n<td>Wagner Ros\u00e1rio (interino)<\/td>\n<td>31.05.2017<\/td>\n<\/tr>\n<tr>\n<td>Cidades<\/td>\n<td>Bruno Ara\u00fajo<\/td>\n<td>13.11.2017<\/td>\n<td>Alexandre Baldy<\/td>\n<td>22.11.2017<\/td>\n<\/tr>\n<tr>\n<td>Secretaria de Governo<\/td>\n<td>Antonio Imbassahy<\/td>\n<td>14.12.2017<\/td>\n<td>Carlos Marun<\/td>\n<td>15.12.2017<\/td>\n<\/tr>\n<tr>\n<td>Trabalho<\/td>\n<td>Ronaldo Nogueira<\/td>\n<td>27.12.2017<\/td>\n<td>Helton Yomura (interino)<\/td>\n<td>29.12.2017<\/td>\n<\/tr>\n<tr>\n<td>Ind\u00fastria<\/td>\n<td>Marcos Pereira<\/td>\n<td>03.01.2018<\/td>\n<td>Marcos Jorge (interino)<\/td>\n<td>05.01.2018<\/td>\n<\/tr>\n<\/tbody>\n<\/table>\n<\/div>\n<div class=\"show-table__footer\"><\/div>\n<\/div>\n<\/div>\n<\/div>\n<\/div>\n<div class=\"mc-column content-text active-extra-styles \" data-block-type=\"unstyled\" data-block-weight=\"25\" data-block-id=\"6\">\n<p class=\"content-text__container \" data-track-category=\"Link no Texto\" data-track-links=\"\">Especialistas avaliam que as altera\u00e7\u00f5es constantes na Esplanada provocam descontinuidade no trabalho dos minist\u00e9rios, atrasando ou paralisando programas que est\u00e3o em execu\u00e7\u00e3o.<\/p>\n<\/div>\n<div class=\"mc-column content-text active-extra-styles \" data-block-type=\"unstyled\" data-block-weight=\"62\" data-block-id=\"7\">\n<p class=\"content-text__container \" data-track-category=\"Link no Texto\" data-track-links=\"\">\u201cAs trocas s\u00e3o um obst\u00e1culo para as pol\u00edticas p\u00fablicas. Cada ministro tem sua prioridade, que nem sempre \u00e9 a mesma do ministro anterior. O impacto das trocas \u00e9 reduzido em minist\u00e9rios nos quais h\u00e1 um grau maior independ\u00eancia da burocracia, com mais servidores est\u00e1veis\u201d, diz Alketa Peci, professora da FGV-Ebape (Escola Brasileira de Administra\u00e7\u00e3o P\u00fablica e de Empresas, da Funda\u00e7\u00e3o Get\u00falio Vargas).<\/p>\n<\/div>\n<div class=\"content-ads content-ads--reveal\" data-block-type=\"ads\" data-block-id=\"8\">\u00a0A nomea\u00e7\u00e3o de um ministro provoca altera\u00e7\u00f5es em cargos estrat\u00e9gicos na pasta. O novo titular forma sua equipe com pessoas de sua confian\u00e7a ou do grupo pol\u00edtico que o levou ao cargo. Quem chega, dizem analistas, precisa assimilar as atribui\u00e7\u00f5es do minist\u00e9rio e se adaptar aos projetos em andamento, atrasando o andamento da m\u00e1quina.<\/div>\n<div class=\"mc-column content-text active-extra-styles \" data-block-type=\"unstyled\" data-block-weight=\"63\" data-block-id=\"10\">\n<p class=\"content-text__container \" data-track-category=\"Link no Texto\" data-track-links=\"\">\u201cA cada troca de ministros, \u00e9 substitu\u00eddo o estafe e s\u00e3o alteradas as diretrizes e a forma de trabalhar. Como na administra\u00e7\u00e3o p\u00fablica federal direta existem mais de 22 mil cargos de confian\u00e7a, a maioria objeto de indica\u00e7\u00f5es pol\u00edticas, a cada troca de ministros mudam v\u00e1rios burocratas apadrinhados\u201d, explica afirma o especialista em gastos p\u00fablicos Gil Castello Branco, secret\u00e1rio-geral da ONG Contas Abertas.<\/p>\n<\/div>\n<div class=\"mc-column content-text active-extra-styles \" data-block-type=\"unstyled\" data-block-weight=\"24\" data-block-id=\"11\">\n<p class=\"content-text__container \" data-track-category=\"Link no Texto\" data-track-links=\"\">Professor de administra\u00e7\u00e3o p\u00fablica da Universidade de Bras\u00edlia, Jos\u00e9 Matias-Pereira avalia que o troca-troca provoca uma \u201cparalisia\u201d e compromete a produtividade do servi\u00e7o p\u00fablico.<\/p>\n<\/div>\n<div class=\"mc-column content-text active-extra-styles \" data-block-type=\"unstyled\" data-block-weight=\"33\" data-block-id=\"12\">\n<p class=\"content-text__container \" data-track-category=\"Link no Texto\" data-track-links=\"\">\u201cSe o ministro chega e trava a m\u00e1quina durante algum tempo, a produtividade nesse minist\u00e9rio, de cada servidor, vai para um patamar extremamente baixo, provocando oferta de servi\u00e7os p\u00fablicos de p\u00e9ssima qualidade\u201d, frisa.<\/p>\n<p class=\"content-text__container \" data-track-category=\"Link no Texto\" data-track-links=\"\"><strong>Efeitos distintos<\/strong><\/p>\n<\/div>\n<div class=\"mc-column content-text active-extra-styles \" data-block-type=\"unstyled\" data-block-weight=\"40\" data-block-id=\"14\">\n<p class=\"content-text__container \" data-track-category=\"Link no Texto\" data-track-links=\"\">Professor de administra\u00e7\u00e3o p\u00fablica da Universidade Federal Fluminense (UFF), Cl\u00e1udio Gurgel avalia que as mudan\u00e7as no primeiro escal\u00e3o federal t\u00eam efeitos distintos, que variam de acordo com a import\u00e2ncia do minist\u00e9rio e que, em alguns casos, podem ajudar o governo.<\/p>\n<\/div>\n<div class=\"mc-column content-text active-extra-styles \" data-block-type=\"unstyled\" data-block-weight=\"35\" data-block-id=\"15\">\n<p class=\"content-text__container \" data-track-category=\"Link no Texto\" data-track-links=\"\">Pastas como Fazenda, Planejamento, Justi\u00e7a, Defesa e Rela\u00e7\u00f5es Exteriores t\u00eam peso maior, seguidas de minist\u00e9rios da \u00e1rea social, segundo ele. O professor argumenta que as 15 trocas de Temer devem ser avaliadas uma a uma.<\/p>\n<\/div>\n<div class=\"mc-column content-text active-extra-styles \" data-block-type=\"unstyled\" data-block-weight=\"42\" data-block-id=\"16\">\n<p class=\"content-text__container \" data-track-category=\"Link no Texto\" data-track-links=\"\">\u201cTrocas no Minist\u00e9rio da Ind\u00fastria, por exemplo, n\u00e3o afetam a pol\u00edtica p\u00fablica do desenvolvimento industrial, que est\u00e1 subordinada ao Minist\u00e9rio da Fazenda. O mesmo se pode dizer da Agricultura. O novo ministro pode apenas recompor a governabilidade, dependendo do seu partido\u201d, afirmou.<\/p>\n<\/div>\n<div class=\"mc-column content-text active-extra-styles \" data-block-type=\"unstyled\" data-block-weight=\"25\" data-block-id=\"17\">\n<p class=\"content-text__container \" data-track-category=\"Link no Texto\" data-track-links=\"\">Cientista pol\u00edtico do Observat\u00f3rio de Elites Pol\u00edticas e Sociais do Brasil, Paulo Franz mapeou as trocas ministeriais registradas por governos anteriores ao de Michel Temer.<\/p>\n<\/div>\n<div class=\"content-ads content-ads--reveal\" data-block-type=\"ads\" data-block-id=\"18\">\u00a0Segundo ele, as 15 mudan\u00e7as feitas pelo atual presidente ficam \u201cdentro da m\u00e9dia brasileira\u201d, que destoa na m\u00e9dia da Europa. \u201cEm pa\u00edses europeus por exemplo, a m\u00e9dia de ministros que permanecem no governo ao longo de todo o mandato chega a quase 70%. No Brasil, esse percentual n\u00e3o chega a 20%. O governo Temer est\u00e1 dentro da m\u00e9dia brasileira. Quem parece n\u00e3o estar na m\u00e9dia \u00e9 o Brasil\u201d, disse.<\/div>\n<div class=\"mc-column content-text active-extra-styles \" data-block-type=\"unstyled\" data-block-weight=\"31\" data-block-id=\"21\">\n<p class=\"content-text__container \" data-track-category=\"Link no Texto\" data-track-links=\"\">O pesquisador entende que a execu\u00e7\u00e3o de programas de m\u00e9dio e longo prazo fica comprometida nos casos de minist\u00e9rios que passam por trocas de comando em um curto intervalo de tempo.<\/p>\n<\/div>\n<div class=\"mc-column content-text active-extra-styles \" data-block-type=\"unstyled\" data-block-weight=\"23\" data-block-id=\"22\">\n<p class=\"content-text__container \" data-track-category=\"Link no Texto\" data-track-links=\"\">Franz afirmou que os atuais desafios impostos ao Minist\u00e9rio da Justi\u00e7a exigem \u201ccapacidade administrativa\u201d que os gestores alcan\u00e7am com certa estabilidade de pessoal.<\/p>\n<\/div>\n<div class=\"mc-column content-text active-extra-styles \" data-block-type=\"unstyled\" data-block-weight=\"28\" data-block-id=\"23\">\n<p class=\"content-text__container \" data-track-category=\"Link no Texto\" data-track-links=\"\">\u201cUma equipe ministerial ganha &#8216;expertise e know-how&#8217; ao longo do trabalho. Com trocas, esse conhecimento se perde e pode ser substitu\u00eddo pelo de novatos na \u00e1rea\u201d, disse ele.<\/p>\n<\/div>\n<div class=\"mc-column content-text active-extra-styles \" data-block-type=\"unstyled\" data-block-weight=\"33\" data-block-id=\"24\">\n<p class=\"content-text__container \" data-track-category=\"Link no Texto\" data-track-links=\"\">O\u00a0Plano Nacional de Seguran\u00e7a, coordenado pelo Minist\u00e9rio da Justi\u00e7a, serve de exemplo.\u00a0Lan\u00e7ado em janeiro de 2017 por Alexandre de Moraes em meio \u00e0 crise em pres\u00eddios, patina para sair do papel.<\/p>\n<\/div>\n<div class=\"mc-column content-text active-extra-styles \" data-block-type=\"unstyled\" data-block-weight=\"32\" data-block-id=\"25\">\n<p class=\"content-text__container \" data-track-category=\"Link no Texto\" data-track-links=\"\">Em fevereiro,\u00a0Moraes foi indicado para o Supremo Tribunal Federal (STF). No m\u00eas seguinte, o\u00a0deputado Osmar Serraglio (PMDB-PR) assumiu o minist\u00e9rio, mas saiu no final de maio,\u00a0substitu\u00eddo por Torquato Jardim.<\/p>\n<p class=\"content-text__container \" data-track-category=\"Link no Texto\" data-track-links=\"\"><strong>Presidencialismo de coalis\u00e3o<\/strong><\/p>\n<\/div>\n<div class=\"mc-column content-text active-extra-styles \" data-block-type=\"unstyled\" data-block-weight=\"49\" data-block-id=\"27\">\n<p class=\"content-text__container \" data-track-category=\"Link no Texto\" data-track-links=\"\">Paulo Franz adverte quem nem sempre as substitui\u00e7\u00f5es de ministros atrapalham, j\u00e1 que a distribui\u00e7\u00e3o das pastas entre os partidos que apoiam o presidente ajuda o governo a aprovar projetos do interesse do governo no Congresso Nacional. A aprova\u00e7\u00e3o das propostas tamb\u00e9m viabiliza a implementa\u00e7\u00e3o da agenda do governo.<\/p>\n<\/div>\n<div class=\"mc-column content-text active-extra-styles \" data-block-type=\"unstyled\" data-block-weight=\"34\" data-block-id=\"28\">\n<p class=\"content-text__container \" data-track-category=\"Link no Texto\" data-track-links=\"\">O especialista em administra\u00e7\u00e3o p\u00fablica Jos\u00e9 Matias-Pereira e o professor em\u00e9rito de Ci\u00eancia Pol\u00edtica da Universidade de Bras\u00edlia David Fleischer criticam o uso dos minist\u00e9rios como moeda de troca, dentro do presidencialismo de coaliz\u00e3o.<\/p>\n<\/div>\n<div class=\"content-ads content-ads--reveal\" data-block-type=\"ads\" data-block-id=\"29\">Conforme Fleischer, o governo fica ref\u00e9m das indica\u00e7\u00f5es, mesmo as que representam desgaste perante a opini\u00e3o p\u00fablica. \u00c9 o caso da deputada Cristiane Brasil (PTB-RJ) no Minist\u00e9rio do Trabalho.<\/div>\n<div class=\"mc-column content-text active-extra-styles \" data-block-type=\"unstyled\" data-block-weight=\"33\" data-block-id=\"31\">\n<p class=\"content-text__container \" data-track-category=\"Link no Texto\" data-track-links=\"\">Substituta de Ronaldo Nogueira, a parlamentar teve a\u00a0posse suspensa por decis\u00e3o judicial\u00a0proferida ap\u00f3s a revela\u00e7\u00e3o de que ela foi condenada a pagar R$ 60 mil por d\u00edvidas trabalhistas com dois ex-motoristas.<\/p>\n<\/div>\n<div class=\"mc-column content-text active-extra-styles \" data-block-type=\"unstyled\" data-block-weight=\"20\" data-block-id=\"32\">\n<p class=\"content-text__container \" data-track-category=\"Link no Texto\" data-track-links=\"\">Interessado nos votos do PTB para aprovar a reforma da Previd\u00eancia, Temer tenta reverter na Justi\u00e7a a suspens\u00e3o da posse.<\/p>\n<\/div>\n<div class=\"mc-column content-text active-extra-styles \" data-block-type=\"unstyled\" data-block-weight=\"22\" data-block-id=\"33\">\n<p class=\"content-text__container \" data-track-category=\"Link no Texto\" data-track-links=\"\">\u201cO governo insiste em dar posse a Cristiane Brasil para manter o PTB (partido da parlamentar) na base do governo\u201d, explica Fleischer.<\/p>\n<\/div>\n<div class=\"mc-column content-text active-extra-styles \" data-block-type=\"unstyled\" data-block-weight=\"33\" data-block-id=\"34\">\n<p class=\"content-text__container \" data-track-category=\"Link no Texto\" data-track-links=\"\">O professor defende um controle maior sobre perfil, forma\u00e7\u00e3o t\u00e9cnica e trajet\u00f3ria dos indicados para a Esplanada dos Minist\u00e9rios, como acontece nos Estados Unidos, onde os ministros de Estado s\u00e3o sabatinados pelo Senado.<\/p>\n<\/div>\n<div class=\"mc-column content-text active-extra-styles \" data-block-type=\"unstyled\" data-block-weight=\"26\" data-block-id=\"35\">\n<p class=\"content-text__container \" data-track-category=\"Link no Texto\" data-track-links=\"\">Para isso, seria necess\u00e1ria uma mudan\u00e7a na Constitui\u00e7\u00e3o, uma vez que no Brasil o presidente tem liberdade e autoridade total para escolher os ministros de Estado.<\/p>\n<\/div>\n<div class=\"mc-column content-text active-extra-styles \" data-block-type=\"unstyled\" data-block-weight=\"7\" data-block-id=\"36\">\n<p class=\"content-text__container \" data-track-category=\"Link no Texto\" data-track-links=\"\">&#8220;Nosso presidente tem poderes imperiais&#8221;, avaliou Fleischer.<\/p>\n<\/div>\n<div class=\"mc-column content-text active-extra-styles \" data-block-type=\"unstyled\" data-block-weight=\"25\" data-block-id=\"37\">\n<p class=\"content-text__container \" data-track-category=\"Link no Texto\" data-track-links=\"\">Para o professor Cl\u00e1udio Gurgel, h\u00e1 formas de reduzir o reflexo da rotatividade ministerial, protegendo os cargos de segundo e terceiro escal\u00e3o da interfer\u00eancia pol\u00edtica.<\/p>\n<\/div>\n<div class=\"mc-column content-text active-extra-styles \" data-block-type=\"unstyled\" data-block-weight=\"19\" data-block-id=\"38\">\n<p class=\"content-text__container \" data-track-category=\"Link no Texto\" data-track-links=\"\">Uma das sa\u00eddas \u00e9 estabilizar a nomea\u00e7\u00e3o para cargos de gest\u00e3o, reservadas as fun\u00e7\u00f5es para servidores do pr\u00f3prio minist\u00e9rio. \u201cPodemos minimizar os efeitos danosos das trocas de ministro, mas, para isso, \u00e9 preciso que os cargos de gest\u00e3o s\u00f3 possam ser ocupados por profissionais de carreira do minist\u00e9rio, com curr\u00edculo que seja compat\u00edvel com a fun\u00e7\u00e3o.&#8221;<\/p>\n<\/div>\n<div class=\"mc-column content-text active-extra-styles \" data-block-type=\"unstyled\" data-block-weight=\"14\" data-block-id=\"40\">\n<p class=\"content-text__container \" data-track-category=\"Link no Texto\" data-track-links=\"\">Para Gurgel, &#8220;isso estabilizaria muito o funcionamento dos minist\u00e9rios, independentemente das mudan\u00e7as de ministro\u201d.<\/p>\n<p class=\"content-text__container \" data-track-category=\"Link no Texto\" data-track-links=\"\"><strong>Para ministro, mudan\u00e7as n\u00e3o prejudicam<\/strong><\/p>\n<\/div>\n<div class=\"mc-column content-text active-extra-styles \" data-block-type=\"unstyled\" data-block-weight=\"52\" data-block-id=\"42\">\n<p class=\"content-text__container \" data-track-category=\"Link no Texto\" data-track-links=\"\">Terceiro ministro da Secretaria de Governo desde que Temer assumiu o Planalto, Carlos Marun (PMDB-MS) acredita que as mudan\u00e7as na Esplanada dos Minist\u00e9rios n\u00e3o prejudicaram a implementa\u00e7\u00e3o da agenda do presidente, que, segundo ele, apresenta resultados positivos no campo econ\u00f4mico, como a redu\u00e7\u00e3o da taxa de juros e a queda da infla\u00e7\u00e3o.<\/p>\n<\/div>\n<div class=\"content-ads content-ads--reveal\" data-block-type=\"ads\" data-block-id=\"43\">\u00a0No caso da articula\u00e7\u00e3o pol\u00edtica, \u00e1rea da qual Marun cuida, o ministro declara que o troca-troca foi ben\u00e9fico. &#8220;N\u00e3o teve preju\u00edzo ao trabalho do minist\u00e9rio, at\u00e9 porque o grande articulador pol\u00edtico do governo \u00e9 o pr\u00f3prio presidente. Somos um governo que n\u00e3o perdeu vota\u00e7\u00e3o importante no Congresso. Cada ministro contribuiu em vota\u00e7\u00f5es decisivas&#8221;, declarou.<\/div>\n<div class=\"mc-column content-text active-extra-styles \" data-block-type=\"unstyled\" data-block-weight=\"56\" data-block-id=\"46\">\n<p class=\"content-text__container \" data-track-category=\"Link no Texto\" data-track-links=\"\">Marun minimiza o impacto que a nova rodada de sa\u00edda de ministros provocar\u00e1. Em abril, termina o prazo para que os interessados em disputar a elei\u00e7\u00e3o deixem o governo. A desincompatibiliza\u00e7\u00e3o pode modificar cerca de metade do primeiro escal\u00e3o &#8211; titulares de 15 das 28 pastas avaliam disputar a elei\u00e7\u00e3o, entre os quais, Henrique Meirelles (Fazenda).<\/p>\n<\/div>\n<div class=\"mc-column content-text active-extra-styles \" data-block-type=\"unstyled\" data-block-weight=\"33\" data-block-id=\"47\">\n<p class=\"content-text__container \" data-track-category=\"Link no Texto\" data-track-links=\"\">O Pal\u00e1cio do Planalto, inclusive, quer usar a reforma for\u00e7ada na Esplanada para ampliar o apoio da base parlamentar e conseguir os votos necess\u00e1rios para aprova\u00e7\u00e3o da reforma da Previd\u00eancia no Congresso Nacional.<\/p>\n<\/div>\n<div class=\"mc-column content-text active-extra-styles \" data-block-type=\"unstyled\" data-block-weight=\"46\" data-block-id=\"48\">\n<p class=\"content-text__container \" data-track-category=\"Link no Texto\" data-track-links=\"\">&#8220;Os minist\u00e9rios t\u00eam bons quadros e os novos ministros v\u00e3o tocar os projetos em andamento. Os ministros que v\u00e3o concorrer v\u00e3o refor\u00e7ar a articula\u00e7\u00e3o, porque s\u00e3o deputados, por exemplo, que voltam ao mandato comprometidos com as reformas e a agenda de vota\u00e7\u00e3o do governo\u201d, afirmou Marun.<\/p>\n<\/div>\n<div class=\"mc-column content-text active-extra-styles \" data-block-type=\"unstyled\" data-block-weight=\"31\" data-block-id=\"49\">\n<p class=\"content-text__container \" data-track-category=\"Link no Texto\" data-track-links=\"\">Deputado federal, Marun (PMDB-MS) afirma que n\u00e3o tentar\u00e1 a reelei\u00e7\u00e3o, permanecendo no posto at\u00e9 dezembro deste ano. Segundo ele, os novos ministros chegar\u00e3o para ficar at\u00e9 o final do governo Temer.<\/p>\n<\/div>\n<div data-track-category=\"fim do conteudo\" data-track-action=\"ultimo chunk conteudo\" data-track-noninteraction=\"false\" data-track-scroll=\"entrada completa viewport\">\n<div class=\"row medium-uncollapsed content-text\">\n<div class=\"column medium-centered medium-22 large-20\">\n<div class=\"show-table\">\n<p class=\"mc-column show-table__title\">MINISTROS QUE PODEM SAIR PARA DISPUTAR A ELEI\u00c7\u00c3O<\/p>\n<div class=\"show-table__centralized\">\n<div class=\"show-table__container\">\n<table class=\"show-table__content\n show-table__content--highlight-top        \"><\/p>\n<tbody>\n<tr>\n<td>Ministro<\/td>\n<td>Pasta<\/td>\n<td>Mandato atual<\/td>\n<\/tr>\n<tr>\n<td>Ricardo Barros<\/td>\n<td>Sa\u00fade<\/td>\n<td>Deputado federal (PP-PR)<\/td>\n<\/tr>\n<tr>\n<td>Mendon\u00e7a Filho<\/td>\n<td>Educa\u00e7\u00e3o<\/td>\n<td>Deputado federal (DEM-PE)<\/td>\n<\/tr>\n<tr>\n<td>Fernando Coelho<\/td>\n<td>Minas e Energia<\/td>\n<td>Deputado federal (sem partido-PE)<\/td>\n<\/tr>\n<tr>\n<td>Sarney Filho<\/td>\n<td>Meio Ambiente<\/td>\n<td>Deputado federal (PV-MA)<\/td>\n<\/tr>\n<tr>\n<td>Leonardo Picciani<\/td>\n<td>Esporte<\/td>\n<td>Deputado federal (PMDB-RJ)<\/td>\n<\/tr>\n<tr>\n<td>Marx Beltr\u00e3o<\/td>\n<td>Turismo<\/td>\n<td>Deputado federal (PMDB-AL)<\/td>\n<\/tr>\n<tr>\n<td>Maur\u00edcio Quintella<\/td>\n<td>Transporte<\/td>\n<td>Deputado federal (PR-AL)<\/td>\n<\/tr>\n<tr>\n<td>Osmar Terra<\/td>\n<td>Desenvolvimento Social<\/td>\n<td>Deputado federal (PMDB-RS)<\/td>\n<\/tr>\n<tr>\n<td>Alexandre Baldy<\/td>\n<td>Cidades<\/td>\n<td>Deputado federal (Pode-GO)<\/td>\n<\/tr>\n<tr>\n<td>Raul Jungmann<\/td>\n<td>Defesa<\/td>\n<td>Suplente de deputado federal (PPS-PE)<\/td>\n<\/tr>\n<tr>\n<td>Aloysio Nunes<\/td>\n<td>Rela\u00e7\u00f5es Exteriores<\/td>\n<td>Senador (PSDB-SP)<\/td>\n<\/tr>\n<tr>\n<td>Blairo Maggi<\/td>\n<td>Agricultura<\/td>\n<td>Senador (PP-MT)<\/td>\n<\/tr>\n<tr>\n<td>Helder Barbalho<\/td>\n<td>Integra\u00e7\u00e3o Nacional<\/td>\n<td>Sem mandato<\/td>\n<\/tr>\n<tr>\n<td>Gilberto Kassab<\/td>\n<td>Ci\u00eancia, Tecnologia e Comunica\u00e7\u00f5es<\/td>\n<td>Sem mandato<\/td>\n<\/tr>\n<tr>\n<td>Henrique Meirelles<\/td>\n<td>Fazenda<\/td>\n<td>Sem mandato<\/td>\n<\/tr>\n<\/tbody>\n<\/table>\n<p><strong>CARIRI EM A\u00c7\u00c3O<\/strong><\/p>\n<p><em>Com G1 \/Foto: Reprodu\u00e7\u00e3o Internet,Alan Santos\/PR<\/em><\/p>\n<p><strong>Leia mais not\u00edcias em\u00a0<\/strong><a href=\"http:\/\/www.caririemacao.com\/\"><strong>caririemacao.com<\/strong><\/a><strong>, siga nossa p\u00e1gina no\u00a0<\/strong><a href=\"https:\/\/www.facebook.com\/CaririEmAcao\/?ref=aymt_homepage_panel\"><strong>Facebook<\/strong><\/a>,<strong>\u00a0<\/strong><a href=\"https:\/\/www.instagram.com\/cariri_em_acao\/?hl=pt-br\"><strong>Instagram<\/strong><\/a><strong>\u00a0e <\/strong><a href=\"https:\/\/www.youtube.com\/channel\/UCAptA0jQuYQy8vMhLt2m4qg\"><strong>Youtube<\/strong><\/a><strong>\u00a0e veja nossas mat\u00e9rias, v\u00eddeos e fotos. Voc\u00ea tamb\u00e9m pode enviar informa\u00e7\u00f5es \u00e0 Reda\u00e7\u00e3o do Portal Cariri em A\u00e7\u00e3o pelo WhatsApp (83) 9 9634.5791, (83) 9 9601-1162.<\/strong><\/p>\n<\/div>\n<\/div>\n<\/div>\n<\/div>\n<\/div>\n<\/div>\n","protected":false},"excerpt":{"rendered":"<p>A frequente troca de ministros no governo de Michel Temer dificulta a execu\u00e7\u00e3o de programas de longo prazo, atrapalha o funcionamento da burocracia e pode&hellip; <\/p>\n","protected":false},"author":2,"featured_media":37417,"comment_status":"closed","ping_status":"closed","sticky":false,"template":"","format":"standard","meta":{"sfsi_plus_gutenberg_text_before_share":"","sfsi_plus_gutenberg_show_text_before_share":"","sfsi_plus_gutenberg_icon_type":"","sfsi_plus_gutenberg_icon_alignemt":"","sfsi_plus_gutenburg_max_per_row":"","footnotes":""},"categories":[11],"tags":[],"class_list":["post-37416","post","type-post","status-publish","format-standard","has-post-thumbnail","hentry","category-politica"],"_links":{"self":[{"href":"https:\/\/www.caririemacao.com\/1\/wp-json\/wp\/v2\/posts\/37416","targetHints":{"allow":["GET"]}}],"collection":[{"href":"https:\/\/www.caririemacao.com\/1\/wp-json\/wp\/v2\/posts"}],"about":[{"href":"https:\/\/www.caririemacao.com\/1\/wp-json\/wp\/v2\/types\/post"}],"author":[{"embeddable":true,"href":"https:\/\/www.caririemacao.com\/1\/wp-json\/wp\/v2\/users\/2"}],"replies":[{"embeddable":true,"href":"https:\/\/www.caririemacao.com\/1\/wp-json\/wp\/v2\/comments?post=37416"}],"version-history":[{"count":0,"href":"https:\/\/www.caririemacao.com\/1\/wp-json\/wp\/v2\/posts\/37416\/revisions"}],"wp:featuredmedia":[{"embeddable":true,"href":"https:\/\/www.caririemacao.com\/1\/wp-json\/wp\/v2\/media\/37417"}],"wp:attachment":[{"href":"https:\/\/www.caririemacao.com\/1\/wp-json\/wp\/v2\/media?parent=37416"}],"wp:term":[{"taxonomy":"category","embeddable":true,"href":"https:\/\/www.caririemacao.com\/1\/wp-json\/wp\/v2\/categories?post=37416"},{"taxonomy":"post_tag","embeddable":true,"href":"https:\/\/www.caririemacao.com\/1\/wp-json\/wp\/v2\/tags?post=37416"}],"curies":[{"name":"wp","href":"https:\/\/api.w.org\/{rel}","templated":true}]}}