{"id":37419,"date":"2018-01-15T09:01:25","date_gmt":"2018-01-15T12:01:25","guid":{"rendered":"http:\/\/caririemacao.com\/1\/?p=37419"},"modified":"2018-01-15T09:01:25","modified_gmt":"2018-01-15T12:01:25","slug":"morre-em-joao-pessoa-aos-69-anos-fernando-vilar-ex-ministro-do-tst","status":"publish","type":"post","link":"https:\/\/www.caririemacao.com\/1\/2018\/01\/15\/morre-em-joao-pessoa-aos-69-anos-fernando-vilar-ex-ministro-do-tst\/","title":{"rendered":"Morre em Jo\u00e3o Pessoa aos 69 anos Fernando Vilar, ex-ministro do TST"},"content":{"rendered":"<p>O ex-ministro do Tribunal Superior do Trabalho (TST), Fernando Vilar, faleceu na madrugada desta segunda-feira (15), em Jo\u00e3o Pessoa, aos 69 anos. Ele foi v\u00edtima de um infarto e faleceu em seu apartamento, em Mana\u00edra.<\/p>\n<p>O vel\u00f3rio acontece na Central de Vel\u00f3rios S\u00e3o Jo\u00e3o Batista, que fica na avenida Epit\u00e1cio. O enterro ocorrer\u00e1 no munic\u00edpio de Tapero\u00e1, Cariri paraibano, nesta ter\u00e7a-feira.<\/p>\n<p><strong>CARIRI EM A\u00c7\u00c3O<\/strong><\/p>\n<p><em>Com Mais PB\/Foto: Reprodu\u00e7\u00e3o Internet<\/em><\/p>\n<p><strong>Leia mais not\u00edcias em\u00a0<\/strong><a href=\"http:\/\/www.caririemacao.com\/\"><strong>caririemacao.com<\/strong><\/a><strong>, siga nossa p\u00e1gina no\u00a0<\/strong><a href=\"https:\/\/www.facebook.com\/CaririEmAcao\/?ref=aymt_homepage_panel\"><strong>Facebook<\/strong><\/a>,<strong>\u00a0<\/strong><a href=\"https:\/\/www.instagram.com\/cariri_em_acao\/?hl=pt-br\"><strong>Instagram<\/strong><\/a><strong>\u00a0e <\/strong><a href=\"https:\/\/www.youtube.com\/channel\/UCAptA0jQuYQy8vMhLt2m4qg\"><strong>Youtube<\/strong><\/a><strong>\u00a0e veja nossas mat\u00e9rias, v\u00eddeos e fotos. Voc\u00ea tamb\u00e9m pode enviar informa\u00e7\u00f5es \u00e0 Reda\u00e7\u00e3o do Portal Cariri em A\u00e7\u00e3o pelo WhatsApp (83) 9 9634.5791, (83) 9 9601-1162.<\/strong><\/p>\n","protected":false},"excerpt":{"rendered":"<p>O ex-ministro do Tribunal Superior do Trabalho (TST), Fernando Vilar, faleceu na madrugada desta segunda-feira (15), em Jo\u00e3o Pessoa, aos 69 anos. Ele foi v\u00edtima&hellip; <\/p>\n","protected":false},"author":2,"featured_media":37420,"comment_status":"closed","ping_status":"closed","sticky":false,"template":"","format":"standard","meta":{"sfsi_plus_gutenberg_text_before_share":"","sfsi_plus_gutenberg_show_text_before_share":"","sfsi_plus_gutenberg_icon_type":"","sfsi_plus_gutenberg_icon_alignemt":"","sfsi_plus_gutenburg_max_per_row":"","footnotes":""},"categories":[2],"tags":[],"class_list":["post-37419","post","type-post","status-publish","format-standard","has-post-thumbnail","hentry","category-geral"],"_links":{"self":[{"href":"https:\/\/www.caririemacao.com\/1\/wp-json\/wp\/v2\/posts\/37419","targetHints":{"allow":["GET"]}}],"collection":[{"href":"https:\/\/www.caririemacao.com\/1\/wp-json\/wp\/v2\/posts"}],"about":[{"href":"https:\/\/www.caririemacao.com\/1\/wp-json\/wp\/v2\/types\/post"}],"author":[{"embeddable":true,"href":"https:\/\/www.caririemacao.com\/1\/wp-json\/wp\/v2\/users\/2"}],"replies":[{"embeddable":true,"href":"https:\/\/www.caririemacao.com\/1\/wp-json\/wp\/v2\/comments?post=37419"}],"version-history":[{"count":0,"href":"https:\/\/www.caririemacao.com\/1\/wp-json\/wp\/v2\/posts\/37419\/revisions"}],"wp:featuredmedia":[{"embeddable":true,"href":"https:\/\/www.caririemacao.com\/1\/wp-json\/wp\/v2\/media\/37420"}],"wp:attachment":[{"href":"https:\/\/www.caririemacao.com\/1\/wp-json\/wp\/v2\/media?parent=37419"}],"wp:term":[{"taxonomy":"category","embeddable":true,"href":"https:\/\/www.caririemacao.com\/1\/wp-json\/wp\/v2\/categories?post=37419"},{"taxonomy":"post_tag","embeddable":true,"href":"https:\/\/www.caririemacao.com\/1\/wp-json\/wp\/v2\/tags?post=37419"}],"curies":[{"name":"wp","href":"https:\/\/api.w.org\/{rel}","templated":true}]}}