{"id":37425,"date":"2018-01-15T09:20:49","date_gmt":"2018-01-15T12:20:49","guid":{"rendered":"http:\/\/caririemacao.com\/1\/?p=37425"},"modified":"2018-01-15T09:20:49","modified_gmt":"2018-01-15T12:20:49","slug":"governo-da-pb-gasta-r-185-milhoes-por-ano-com-pensoes-a-ex-governadores-ex-deputados-e-viuvas","status":"publish","type":"post","link":"https:\/\/www.caririemacao.com\/1\/2018\/01\/15\/governo-da-pb-gasta-r-185-milhoes-por-ano-com-pensoes-a-ex-governadores-ex-deputados-e-viuvas\/","title":{"rendered":"Governo da PB gasta R$ 18,5 milh\u00f5es por ano com pens\u00f5es a ex-governadores, ex-deputados e vi\u00favas"},"content":{"rendered":"<p>As discuss\u00f5es sobre a reforma da Previd\u00eancia contrastam com os privil\u00e9gios concedidos historicamente \u00e0 classe pol\u00edtica. Este, talvez, seja o maior obst\u00e1culo para o convencimento popular de que a mudan\u00e7a na legisla\u00e7\u00e3o \u00e9 necess\u00e1ria. Afinal, ela n\u00e3o vai mexer com quem conseguiu graciosamente uma pens\u00e3o no passado. Antes, um deputado eleito em dois mandatos era agraciado com uma pens\u00e3o vultosa. Atualmente, 59 ex-parlamentares recebem o benef\u00edcio. Isso tem um custo mensal para o er\u00e1rio de R$ 745 mil. E n\u00e3o acaba por a\u00ed. As vi\u00favas de ex-deputados, beneficiadas com o dinheiro, somam 62 e custam\u00a0R$ 579,6 mil ao er\u00e1rio todo m\u00eas. Da\u00ed d\u00e1 para ter uma ideia do porqu\u00ea de um d\u00e9ficit t\u00e3o grande na Previd\u00eancia Social.<\/p>\n<p>Oito anos \u00e9 um per\u00edodo trabalhado \u00ednfimo para a concess\u00e3o de uma aposentadoria vital\u00edcia. Veja bem, s\u00e3o 121 pessoas beneficiadas nesta modalidade. O que dizer de oito meses? Pois \u00e9. A mamata p\u00fablica permitiu que pelo menos dois ex-governadores, que assumiram o poder logo ap\u00f3s a sa\u00edda do titular, recebam integralmente a pens\u00e3o. S\u00e3o eles C\u00edcero Lucena (PSDB), que assumiu o governo em 1994 ap\u00f3s a ren\u00fancia de Ronaldo Cunha Lima (j\u00e1 falecido), e Roberto Paulino (MDB), beneficiado com a ren\u00fancia de Jos\u00e9 Maranh\u00e3o (MDB), em 2002, para disputar o Senado. Fa\u00e7am as contas. S\u00e3o\u00a0R$ 23.500,82 todos os meses como premia\u00e7\u00e3o por oito meses de trabalho ap\u00f3s per\u00edodo como suplente.<\/p>\n<p>A pens\u00e3o dos ex-governadores \u00e9 alvo de demanda judicial movida pela Procuradoria Geral da Rep\u00fablica (PGR) no Supremo Tribunal Federal. O caso da Para\u00edba est\u00e1 em fila para ser julgado. O penduricalho para outros estados j\u00e1 foi considerado inconstitucional. Se o regramento for mantido, haver\u00e1 o risco de duas novas pens\u00f5es serem concedidas at\u00e9 o fim do ano. Ser\u00e3o para o governador Ricardo Coutinho (PSB) e L\u00edgia Feliciano (PDT), caso o socialista se licencie para a disputa do Senado. O peso para o or\u00e7amento \u00e9 grande. Atualmente, h\u00e1 seis ex-governadores recebendo a pens\u00e3o, al\u00e9m de oito vi\u00favas de ex-governadores. Dos ex-governadores, os senadores Jos\u00e9 Maranh\u00e3o e C\u00e1ssio Cunha Lima s\u00e3o os \u00fanicos ainda na ativa na pol\u00edtica.<\/p>\n<p>H\u00e1 um projeto de autoria do ex-deputado federal Ruy Carneiro (PSDB) em tramita\u00e7\u00e3o na C\u00e2mara. A medida prop\u00f5e o fim do benef\u00edcio para ex-governadores em todo o Brasil. A a\u00e7\u00e3o da PGR no Supremo est\u00e1 nas m\u00e3os do ministro Dias Toffoli.<\/p>\n<p><strong>Veja os n\u00fameros:<\/strong><br \/>\n<strong>Ex-governadores<\/strong><br \/>\n<strong>Quantidade<\/strong>: 6<br \/>\n<strong>Valor mensal da pens\u00e3o<\/strong>: R$ 23.500,82<br \/>\n<strong>Custo para o er\u00e1rio<\/strong>: R$ 141.004,92<\/p>\n<p><strong>Vi\u00favas de ex-governadores<\/strong><br \/>\n<strong>Quantidade<\/strong>: 8<br \/>\n<strong>Valor mensal da pens\u00e3o<\/strong>: R$ 7.978,62 (m\u00e9dia)<br \/>\n<strong>Custo para o er\u00e1rio<\/strong>: R$ 78.229,00<\/p>\n<p><strong>Ex-deputados<\/strong><br \/>\n<strong>Quantidade: 59<\/strong><br \/>\n<strong>Valor mensal da pens\u00e3o:<\/strong>\u00a0R$ 12,6 mil\u00a0<strong>(m\u00e9dia)<\/strong><br \/>\n<strong>Custo para<\/strong>\u00a0<strong>o er\u00e1rio:<\/strong>\u00a0R$ 745.190,61<\/p>\n<p><strong>Vi\u00favas de ex-deputados<\/strong><br \/>\n<strong>Quantidade:<\/strong>\u00a062<br \/>\n<strong>Valor mensal da pens\u00e3o<\/strong>: R$ 9,3 mil (m\u00e9dia)<br \/>\n<strong>Custo para o er\u00e1rio<\/strong>: R$ 579.674,68<\/p>\n<p><strong>Total:\u00a0R$ 1,54 milh\u00e3o<\/strong><\/p>\n<p><strong>CARIRI EM A\u00c7\u00c3O<\/strong><\/p>\n<p><em>Com blogs.jornaldaparaiba\/Foto:Divulga\u00e7\u00e3o \u00a0<\/em><\/p>\n<p><strong>Leia mais not\u00edcias em\u00a0<\/strong><a href=\"http:\/\/www.caririemacao.com\/\"><strong>caririemacao.com<\/strong><\/a><strong>, siga nossa p\u00e1gina no\u00a0<\/strong><a href=\"https:\/\/www.facebook.com\/CaririEmAcao\/?ref=aymt_homepage_panel\"><strong>Facebook<\/strong><\/a>,<strong>\u00a0<\/strong><a href=\"https:\/\/www.instagram.com\/cariri_em_acao\/?hl=pt-br\"><strong>Instagram<\/strong><\/a><strong>\u00a0e <\/strong><a href=\"https:\/\/www.youtube.com\/channel\/UCAptA0jQuYQy8vMhLt2m4qg\"><strong>Youtube<\/strong><\/a><strong>\u00a0e veja nossas mat\u00e9rias, v\u00eddeos e fotos. Voc\u00ea tamb\u00e9m pode enviar informa\u00e7\u00f5es \u00e0 Reda\u00e7\u00e3o do Portal Cariri em A\u00e7\u00e3o pelo WhatsApp (83) 9 9634.5791, (83) 9 9601-1162.<\/strong><\/p>\n","protected":false},"excerpt":{"rendered":"<p>As discuss\u00f5es sobre a reforma da Previd\u00eancia contrastam com os privil\u00e9gios concedidos historicamente \u00e0 classe pol\u00edtica. Este, talvez, seja o maior obst\u00e1culo para o convencimento&hellip; <\/p>\n","protected":false},"author":2,"featured_media":37426,"comment_status":"closed","ping_status":"closed","sticky":false,"template":"","format":"standard","meta":{"sfsi_plus_gutenberg_text_before_share":"","sfsi_plus_gutenberg_show_text_before_share":"","sfsi_plus_gutenberg_icon_type":"","sfsi_plus_gutenberg_icon_alignemt":"","sfsi_plus_gutenburg_max_per_row":"","footnotes":""},"categories":[11],"tags":[],"class_list":["post-37425","post","type-post","status-publish","format-standard","has-post-thumbnail","hentry","category-politica"],"_links":{"self":[{"href":"https:\/\/www.caririemacao.com\/1\/wp-json\/wp\/v2\/posts\/37425","targetHints":{"allow":["GET"]}}],"collection":[{"href":"https:\/\/www.caririemacao.com\/1\/wp-json\/wp\/v2\/posts"}],"about":[{"href":"https:\/\/www.caririemacao.com\/1\/wp-json\/wp\/v2\/types\/post"}],"author":[{"embeddable":true,"href":"https:\/\/www.caririemacao.com\/1\/wp-json\/wp\/v2\/users\/2"}],"replies":[{"embeddable":true,"href":"https:\/\/www.caririemacao.com\/1\/wp-json\/wp\/v2\/comments?post=37425"}],"version-history":[{"count":0,"href":"https:\/\/www.caririemacao.com\/1\/wp-json\/wp\/v2\/posts\/37425\/revisions"}],"wp:featuredmedia":[{"embeddable":true,"href":"https:\/\/www.caririemacao.com\/1\/wp-json\/wp\/v2\/media\/37426"}],"wp:attachment":[{"href":"https:\/\/www.caririemacao.com\/1\/wp-json\/wp\/v2\/media?parent=37425"}],"wp:term":[{"taxonomy":"category","embeddable":true,"href":"https:\/\/www.caririemacao.com\/1\/wp-json\/wp\/v2\/categories?post=37425"},{"taxonomy":"post_tag","embeddable":true,"href":"https:\/\/www.caririemacao.com\/1\/wp-json\/wp\/v2\/tags?post=37425"}],"curies":[{"name":"wp","href":"https:\/\/api.w.org\/{rel}","templated":true}]}}