{"id":37428,"date":"2018-01-15T09:28:16","date_gmt":"2018-01-15T12:28:16","guid":{"rendered":"http:\/\/caririemacao.com\/1\/?p=37428"},"modified":"2018-01-15T09:28:16","modified_gmt":"2018-01-15T12:28:16","slug":"na-pb-movimento-de-direita-cobra-respeito-de-bolsonaro-e-repudia-julian-lemos","status":"publish","type":"post","link":"https:\/\/www.caririemacao.com\/1\/2018\/01\/15\/na-pb-movimento-de-direita-cobra-respeito-de-bolsonaro-e-repudia-julian-lemos\/","title":{"rendered":"Na PB, movimento de direita cobra respeito de Bolsonaro e repudia Julian Lemos"},"content":{"rendered":"<p>N\u00e3o est\u00e1 sendo nada f\u00e1cil para alguns setores da direita tolerar a atua\u00e7\u00e3o pol\u00edtica de Julian Lemos, o intitulado bra\u00e7o direito do pr\u00e9-candidato a presidente da Rep\u00fablica, Jair Bolsonaro. Desta vez, uma das principais p\u00e1ginas do Facebook deste segmento, a Direita Paraibana, resolveu protestar contra Julian, usando a hashtag #ForaJulianLemos.<\/p>\n<p>Em uma postagem, a p\u00e1gina pediu para que Jair Bolsonaro reavaliasse sua alian\u00e7a com Julian e destacou a import\u00e2ncia de mecanismos como as redes sociais para o crescimento da popularidade do futuro presidenci\u00e1vel.<\/p>\n<p>\u201cBolsonaro n\u00e3o vive em uma caverna para acreditar que conseguiu a posi\u00e7\u00e3o que tem no Nordeste, por causa da bajula\u00e7\u00e3o de Julian Lemos para com ele. O m\u00e9rito desse trabalho \u00e9 de movimentos e p\u00e1ginas de direita que criaram essa onda Bolsonaro 2018 desde 2014. Em especial ao grupo panelinha da direita e antiga p\u00e1gina Bolsonaro Zuero, que iniciaram tudo com os cearenses do Endireita Fortaleza a frente\u201d, diz trecho da postagem.<\/p>\n<p>Al\u00e9m disso, apontaram um vi\u00e9s oportunista de Julian. \u201cEm 2015 quando Bolsonaro foi convidado pelo Direita Paraibana \u00e0 vir \u00e0 Para\u00edba, ele j\u00e1 era o mito e o Julian era s\u00f3 um oportunista querendo tomar um movimento s\u00e9rio como seu comit\u00ea pol\u00edtico-partid\u00e1rio. Julian procurou a p\u00e1gina para ajudar o evento que est\u00e1vamos divulgando num dia, com uma semana depois j\u00e1 tava se autodominando l\u00edder da Direita Paraibana na m\u00eddia. A gente nem se conhecia direito e j\u00e1 tava querendo aparecer as nossas custas. Desde o in\u00edcio deixou claro para que veio! Veio para colocar em pr\u00e1tica o seu projeto pessoal de se eleger \u00e0s custas de movimentos usando o nome de Bolsonaro, porque ser deputado federal d\u00e1 menos trabalho de que abrir e fechar empresas falidas\u201d, apontam.<\/p>\n<p>E conclu\u00edram, cobrando um posicionamento do deputado. \u201cBolsonaro, respeite quem tanto confiou nas suas palavras! Haja de acordo com o seu discurso! A quest\u00e3o aqui na Para\u00edba n\u00e3o \u00e9 picuinha pessoal, \u00e9 simplesmente o princ\u00edpio de direita como prioridade. N\u00e3o queremos ficha suja de direita representando nosso estado. Acredite! Tem outras op\u00e7\u00f5es no estado. Leve Julian Lemos pra sua casa, d\u00ea emprego no seu gabinete, mas n\u00e3o empurre-o a todo custo para o congresso nacional como o homem de direita da Para\u00edba, porque esse nunca contribuiu com nada importante para o estado\u201d, refletiram.<\/p>\n<p><a href=\"http:\/\/caririemacao.com\/1\/wp-content\/uploads\/2018\/01\/cats-1.jpg\"><img fetchpriority=\"high\" decoding=\"async\" class=\"aligncenter wp-image-37429 size-full\" src=\"http:\/\/caririemacao.com\/1\/wp-content\/uploads\/2018\/01\/cats-1.jpg\" alt=\"\" width=\"1024\" height=\"374\" srcset=\"https:\/\/www.caririemacao.com\/1\/wp-content\/uploads\/2018\/01\/cats-1.jpg 1024w, https:\/\/www.caririemacao.com\/1\/wp-content\/uploads\/2018\/01\/cats-1-300x110.jpg 300w, https:\/\/www.caririemacao.com\/1\/wp-content\/uploads\/2018\/01\/cats-1-768x281.jpg 768w\" sizes=\"(max-width: 1024px) 100vw, 1024px\" \/><\/a><\/p>\n<p><strong>CARIRI EM A\u00c7\u00c3O<\/strong><\/p>\n<p><em>Com Blog do Gordinho\/Foto: Reprodu\u00e7\u00e3o Internet\u00a0<\/em><\/p>\n<p><strong>Leia mais not\u00edcias em\u00a0<\/strong><a href=\"http:\/\/www.caririemacao.com\/\"><strong>caririemacao.com<\/strong><\/a><strong>, siga nossa p\u00e1gina no\u00a0<\/strong><a href=\"https:\/\/www.facebook.com\/CaririEmAcao\/?ref=aymt_homepage_panel\"><strong>Facebook<\/strong><\/a>,<strong>\u00a0<\/strong><a href=\"https:\/\/www.instagram.com\/cariri_em_acao\/?hl=pt-br\"><strong>Instagram<\/strong><\/a><strong>\u00a0e <\/strong><a href=\"https:\/\/www.youtube.com\/channel\/UCAptA0jQuYQy8vMhLt2m4qg\"><strong>Youtube<\/strong><\/a><strong>\u00a0e veja nossas mat\u00e9rias, v\u00eddeos e fotos. Voc\u00ea tamb\u00e9m pode enviar informa\u00e7\u00f5es \u00e0 Reda\u00e7\u00e3o do Portal Cariri em A\u00e7\u00e3o pelo WhatsApp (83) 9 9634.5791, (83) 9 9601-1162.<\/strong><\/p>\n","protected":false},"excerpt":{"rendered":"<p>N\u00e3o est\u00e1 sendo nada f\u00e1cil para alguns setores da direita tolerar a atua\u00e7\u00e3o pol\u00edtica de Julian Lemos, o intitulado bra\u00e7o direito do pr\u00e9-candidato a presidente&hellip; <\/p>\n","protected":false},"author":2,"featured_media":37430,"comment_status":"closed","ping_status":"closed","sticky":false,"template":"","format":"standard","meta":{"sfsi_plus_gutenberg_text_before_share":"","sfsi_plus_gutenberg_show_text_before_share":"","sfsi_plus_gutenberg_icon_type":"","sfsi_plus_gutenberg_icon_alignemt":"","sfsi_plus_gutenburg_max_per_row":"","footnotes":""},"categories":[1],"tags":[],"class_list":["post-37428","post","type-post","status-publish","format-standard","has-post-thumbnail","hentry","category-o-site"],"_links":{"self":[{"href":"https:\/\/www.caririemacao.com\/1\/wp-json\/wp\/v2\/posts\/37428","targetHints":{"allow":["GET"]}}],"collection":[{"href":"https:\/\/www.caririemacao.com\/1\/wp-json\/wp\/v2\/posts"}],"about":[{"href":"https:\/\/www.caririemacao.com\/1\/wp-json\/wp\/v2\/types\/post"}],"author":[{"embeddable":true,"href":"https:\/\/www.caririemacao.com\/1\/wp-json\/wp\/v2\/users\/2"}],"replies":[{"embeddable":true,"href":"https:\/\/www.caririemacao.com\/1\/wp-json\/wp\/v2\/comments?post=37428"}],"version-history":[{"count":0,"href":"https:\/\/www.caririemacao.com\/1\/wp-json\/wp\/v2\/posts\/37428\/revisions"}],"wp:featuredmedia":[{"embeddable":true,"href":"https:\/\/www.caririemacao.com\/1\/wp-json\/wp\/v2\/media\/37430"}],"wp:attachment":[{"href":"https:\/\/www.caririemacao.com\/1\/wp-json\/wp\/v2\/media?parent=37428"}],"wp:term":[{"taxonomy":"category","embeddable":true,"href":"https:\/\/www.caririemacao.com\/1\/wp-json\/wp\/v2\/categories?post=37428"},{"taxonomy":"post_tag","embeddable":true,"href":"https:\/\/www.caririemacao.com\/1\/wp-json\/wp\/v2\/tags?post=37428"}],"curies":[{"name":"wp","href":"https:\/\/api.w.org\/{rel}","templated":true}]}}