{"id":37432,"date":"2018-01-15T09:29:33","date_gmt":"2018-01-15T12:29:33","guid":{"rendered":"http:\/\/caririemacao.com\/1\/?p=37432"},"modified":"2018-01-15T09:45:48","modified_gmt":"2018-01-15T12:45:48","slug":"menina-de-nove-anos-morre-e-mae-fica-ferida-em-acidente-na-br-230","status":"publish","type":"post","link":"https:\/\/www.caririemacao.com\/1\/2018\/01\/15\/menina-de-nove-anos-morre-e-mae-fica-ferida-em-acidente-na-br-230\/","title":{"rendered":"Menina de nove anos morre e m\u00e3e fica ferida em acidente na BR-230"},"content":{"rendered":"<div class=\"mc-column content-text active-extra-styles active-capital-letter\" data-block-type=\"unstyled\" data-block-weight=\"42\" data-block-id=\"2\">\n<p class=\"content-text__container theme-color-primary-first-letter\" data-track-category=\"Link no Texto\" data-track-links=\"\">Uma crian\u00e7a de 9 anos morreu e outras cinco pessoas ficaram feridas em um acidente ocorrido na noite deste domingo (14), entre dois carros, na BR-230. A colis\u00e3o aconteceu em um retorno pr\u00f3ximo a entrada do munic\u00edpio de Ing\u00e1, no Agreste paraibano.<\/p>\n<p data-track-category=\"Link no Texto\" data-track-links=\"\"><a href=\"http:\/\/caririemacao.com\/1\/wp-content\/uploads\/2018\/01\/Sem-t\u00edtulo-300x224.jpg\"><img fetchpriority=\"high\" decoding=\"async\" class=\"aligncenter wp-image-37433 size-full\" src=\"http:\/\/caririemacao.com\/1\/wp-content\/uploads\/2018\/01\/Sem-t\u00edtulo-300x224.jpg\" alt=\"\" width=\"300\" height=\"224\" \/><\/a><\/p>\n<p data-track-category=\"Link no Texto\" data-track-links=\"\">De acordo com as informa\u00e7\u00f5es do Hospital de Emerg\u00eancia e Trauma de Campina Grande, a crian\u00e7a estava no carro com a m\u00e3e, o irm\u00e3o de 14 anos e outra mulher que estaria dirigindo o ve\u00edculo. O acidente ocorreu quando a motorista tentou fazer o retorno e bateu na lateral de outro carro, onde duas v\u00edtimas ficaram feridas.<\/p>\n<p data-track-category=\"Link no Texto\" data-track-links=\"\">A m\u00e3e de menina morta seria uma professora bastante conhecida na cidade de Ing\u00e1.<\/p>\n<\/div>\n<div class=\"mc-column content-text active-extra-styles \" data-block-type=\"unstyled\" data-block-weight=\"71\" data-block-id=\"4\">\n<p class=\"content-text__container \" data-track-category=\"Link no Texto\" data-track-links=\"\">A crian\u00e7a morreu no local do acidente e as outras tr\u00eas v\u00edtimas que estavam no mesmo carro que ela foram levadas para o Hospital de Emerg\u00eancia e Trauma de Campina Grande. A m\u00e3e da crian\u00e7a passou por cirurgia e est\u00e1 internada. O irm\u00e3o de 14 anos sofreu uma fratura e est\u00e1 na Unidade de Terapia Intensiva (UTI) infantil. J\u00e1 a mulher que estaria dirigindo o carro foi atendida e recebeu alta.<\/p>\n<\/div>\n<div data-track-category=\"fim do conteudo\" data-track-action=\"ultimo chunk conteudo\" data-track-noninteraction=\"false\" data-track-scroll=\"entrada completa viewport\">\n<div class=\"mc-column content-text active-extra-styles \" data-block-type=\"unstyled\" data-block-weight=\"43\" data-block-id=\"5\">\n<p class=\"content-text__container \" data-track-category=\"Link no Texto\" data-track-links=\"\">No outro carro, duas pessoas ficaram feridas e foram socorridas para Cl\u00ednica Santa Clara, no bairro Prata, em Campina Grande. At\u00e9 7h30 (hor\u00e1rio local) desta segunda-feira (15) a cl\u00ednica informou que n\u00e3o tinha nenhum boletim atualizado sobre o estado de sa\u00fade das v\u00edtimas.<\/p>\n<p><strong>CARIRI EM A\u00c7\u00c3O<\/strong><\/p>\n<p><em>Com G1 \/Foto: Reprodu\u00e7\u00e3o\u00a0\u00a0<\/em><\/p>\n<p><strong>Leia mais not\u00edcias em\u00a0<\/strong><a href=\"http:\/\/www.caririemacao.com\/\"><strong>caririemacao.com<\/strong><\/a><strong>, siga nossa p\u00e1gina no\u00a0<\/strong><a href=\"https:\/\/www.facebook.com\/CaririEmAcao\/?ref=aymt_homepage_panel\"><strong>Facebook<\/strong><\/a>,<strong>\u00a0<\/strong><a href=\"https:\/\/www.instagram.com\/cariri_em_acao\/?hl=pt-br\"><strong>Instagram<\/strong><\/a><strong>\u00a0e <\/strong><a href=\"https:\/\/www.youtube.com\/channel\/UCAptA0jQuYQy8vMhLt2m4qg\"><strong>Youtube<\/strong><\/a><strong>\u00a0e veja nossas mat\u00e9rias, v\u00eddeos e fotos. Voc\u00ea tamb\u00e9m pode enviar informa\u00e7\u00f5es \u00e0 Reda\u00e7\u00e3o do Portal Cariri em A\u00e7\u00e3o pelo WhatsApp (83) 9 9634.5791, (83) 9 9601-1162.<\/strong><\/p>\n<\/div>\n<\/div>\n","protected":false},"excerpt":{"rendered":"<p>Uma crian\u00e7a de 9 anos morreu e outras cinco pessoas ficaram feridas em um acidente ocorrido na noite deste domingo (14), entre dois carros, na&hellip; <\/p>\n","protected":false},"author":2,"featured_media":25619,"comment_status":"closed","ping_status":"closed","sticky":false,"template":"","format":"standard","meta":{"sfsi_plus_gutenberg_text_before_share":"","sfsi_plus_gutenberg_show_text_before_share":"","sfsi_plus_gutenberg_icon_type":"","sfsi_plus_gutenberg_icon_alignemt":"","sfsi_plus_gutenburg_max_per_row":"","footnotes":""},"categories":[12],"tags":[],"class_list":["post-37432","post","type-post","status-publish","format-standard","has-post-thumbnail","hentry","category-policia"],"_links":{"self":[{"href":"https:\/\/www.caririemacao.com\/1\/wp-json\/wp\/v2\/posts\/37432","targetHints":{"allow":["GET"]}}],"collection":[{"href":"https:\/\/www.caririemacao.com\/1\/wp-json\/wp\/v2\/posts"}],"about":[{"href":"https:\/\/www.caririemacao.com\/1\/wp-json\/wp\/v2\/types\/post"}],"author":[{"embeddable":true,"href":"https:\/\/www.caririemacao.com\/1\/wp-json\/wp\/v2\/users\/2"}],"replies":[{"embeddable":true,"href":"https:\/\/www.caririemacao.com\/1\/wp-json\/wp\/v2\/comments?post=37432"}],"version-history":[{"count":0,"href":"https:\/\/www.caririemacao.com\/1\/wp-json\/wp\/v2\/posts\/37432\/revisions"}],"wp:featuredmedia":[{"embeddable":true,"href":"https:\/\/www.caririemacao.com\/1\/wp-json\/wp\/v2\/media\/25619"}],"wp:attachment":[{"href":"https:\/\/www.caririemacao.com\/1\/wp-json\/wp\/v2\/media?parent=37432"}],"wp:term":[{"taxonomy":"category","embeddable":true,"href":"https:\/\/www.caririemacao.com\/1\/wp-json\/wp\/v2\/categories?post=37432"},{"taxonomy":"post_tag","embeddable":true,"href":"https:\/\/www.caririemacao.com\/1\/wp-json\/wp\/v2\/tags?post=37432"}],"curies":[{"name":"wp","href":"https:\/\/api.w.org\/{rel}","templated":true}]}}