{"id":37435,"date":"2018-01-15T09:34:51","date_gmt":"2018-01-15T12:34:51","guid":{"rendered":"http:\/\/caririemacao.com\/1\/?p=37435"},"modified":"2018-01-15T09:34:51","modified_gmt":"2018-01-15T12:34:51","slug":"2o-passeio-ciclistico-e-um-sucesso-em-sao-sebastiao-do-umbuzeiro","status":"publish","type":"post","link":"https:\/\/www.caririemacao.com\/1\/2018\/01\/15\/2o-passeio-ciclistico-e-um-sucesso-em-sao-sebastiao-do-umbuzeiro\/","title":{"rendered":"2\u00ba Passeio Cicl\u00edstico \u00e9 um Sucesso em S\u00e3o Sebasti\u00e3o do Umbuzeiro"},"content":{"rendered":"<p>O tempo bom foi um dos fatores respons\u00e1veis pelo sucesso do 2\u00ba Passeio Cicl\u00edstico de S\u00e3o Sebasti\u00e3o do Umbuzeiro, realizado neste domingo (15), com um percurso de 40 km\u00a0 na zona rural do munic\u00edpio.<\/p>\n<p>O evento, foi organizado pelo Grupo de Pedal na Sombra do Umbuzeiro e contou com o apoio da Prefeitura Municipal na pessoa do Prefeito Adriano Wolff, Deputado Estadual Adriano Galdino, Deputado Federal Efraim Filho e comercio local.<\/p>\n<p>O passeio foi para incentivar a pratica do esporte em toda regi\u00e3o, trazendo assim novos adeptos para esse esporte que cresce exponencialmente no cariri paraibano.<\/p>\n<p><strong>CARIRI EM A\u00c7\u00c3O<\/strong><\/p>\n<p><em>Com Blog do Didi\/Foto: Reprodu\u00e7\u00e3o Didi Milton\u00a0<\/em><\/p>\n<p><strong>Leia mais not\u00edcias em\u00a0<\/strong><a href=\"http:\/\/www.caririemacao.com\/\"><strong>caririemacao.com<\/strong><\/a><strong>, siga nossa p\u00e1gina no\u00a0<\/strong><a href=\"https:\/\/www.facebook.com\/CaririEmAcao\/?ref=aymt_homepage_panel\"><strong>Facebook<\/strong><\/a>,<strong>\u00a0<\/strong><a href=\"https:\/\/www.instagram.com\/cariri_em_acao\/?hl=pt-br\"><strong>Instagram<\/strong><\/a><strong>\u00a0e <\/strong><a href=\"https:\/\/www.youtube.com\/channel\/UCAptA0jQuYQy8vMhLt2m4qg\"><strong>Youtube<\/strong><\/a><strong>\u00a0e veja nossas mat\u00e9rias, v\u00eddeos e fotos. Voc\u00ea tamb\u00e9m pode enviar informa\u00e7\u00f5es \u00e0 Reda\u00e7\u00e3o do Portal Cariri em A\u00e7\u00e3o pelo WhatsApp (83) 9 9634.5791, (83) 9 9601-1162.<\/strong><\/p>\n","protected":false},"excerpt":{"rendered":"<p>O tempo bom foi um dos fatores respons\u00e1veis pelo sucesso do 2\u00ba Passeio Cicl\u00edstico de S\u00e3o Sebasti\u00e3o do Umbuzeiro, realizado neste domingo (15), com um&hellip; <\/p>\n","protected":false},"author":2,"featured_media":37436,"comment_status":"closed","ping_status":"closed","sticky":false,"template":"","format":"standard","meta":{"sfsi_plus_gutenberg_text_before_share":"","sfsi_plus_gutenberg_show_text_before_share":"","sfsi_plus_gutenberg_icon_type":"","sfsi_plus_gutenberg_icon_alignemt":"","sfsi_plus_gutenburg_max_per_row":"","footnotes":""},"categories":[6],"tags":[],"class_list":["post-37435","post","type-post","status-publish","format-standard","has-post-thumbnail","hentry","category-cidades"],"_links":{"self":[{"href":"https:\/\/www.caririemacao.com\/1\/wp-json\/wp\/v2\/posts\/37435","targetHints":{"allow":["GET"]}}],"collection":[{"href":"https:\/\/www.caririemacao.com\/1\/wp-json\/wp\/v2\/posts"}],"about":[{"href":"https:\/\/www.caririemacao.com\/1\/wp-json\/wp\/v2\/types\/post"}],"author":[{"embeddable":true,"href":"https:\/\/www.caririemacao.com\/1\/wp-json\/wp\/v2\/users\/2"}],"replies":[{"embeddable":true,"href":"https:\/\/www.caririemacao.com\/1\/wp-json\/wp\/v2\/comments?post=37435"}],"version-history":[{"count":0,"href":"https:\/\/www.caririemacao.com\/1\/wp-json\/wp\/v2\/posts\/37435\/revisions"}],"wp:featuredmedia":[{"embeddable":true,"href":"https:\/\/www.caririemacao.com\/1\/wp-json\/wp\/v2\/media\/37436"}],"wp:attachment":[{"href":"https:\/\/www.caririemacao.com\/1\/wp-json\/wp\/v2\/media?parent=37435"}],"wp:term":[{"taxonomy":"category","embeddable":true,"href":"https:\/\/www.caririemacao.com\/1\/wp-json\/wp\/v2\/categories?post=37435"},{"taxonomy":"post_tag","embeddable":true,"href":"https:\/\/www.caririemacao.com\/1\/wp-json\/wp\/v2\/tags?post=37435"}],"curies":[{"name":"wp","href":"https:\/\/api.w.org\/{rel}","templated":true}]}}