{"id":37444,"date":"2018-01-15T10:14:58","date_gmt":"2018-01-15T13:14:58","guid":{"rendered":"http:\/\/caririemacao.com\/1\/?p=37444"},"modified":"2018-01-15T10:14:58","modified_gmt":"2018-01-15T13:14:58","slug":"metade-dos-ministros-de-temer-sao-alvo-da-comissao-de-etica","status":"publish","type":"post","link":"https:\/\/www.caririemacao.com\/1\/2018\/01\/15\/metade-dos-ministros-de-temer-sao-alvo-da-comissao-de-etica\/","title":{"rendered":"Metade dos ministros de Temer s\u00e3o alvo da Comiss\u00e3o de \u00c9tica"},"content":{"rendered":"<p>A Comiss\u00e3o de \u00c9tica P\u00fablica da Presid\u00eancia investiga 14 dos 28 ministros de Michel Temer. Os processos foram abertos ao longo de um ano e oito meses de governo e permanecem ainda sob os cuidados dos conselheiros. Duas den\u00fancias concentram a maior parte dos envolvidos: uma delas, de autoria do PT, acusa titulares de ganharem cargos no primeiro escal\u00e3o depois de votarem a favor do impeachment de Dilma Rousseff. A outra apura den\u00fancia de que pr\u00e9-candidatos usaram agendas oficiais para privilegiar suas bases eleitorais nos Estados.<\/p>\n<p><strong>Rodeado.<\/strong>\u00a0Os tr\u00eas principais articuladores do n\u00facleo duro do Planalto: Moreira Franco (Secretaria da Presid\u00eancia), Eliseu Padilha (Casa Civil) e Carlos Marun (Secretaria de Governo) s\u00e3o alvos de den\u00fancias. Eles negam as acusa\u00e7\u00f5es.<\/p>\n<div class=\"limite-continuar-lendo\">\u00a0<strong>De fora.<\/strong>\u00a0Dez ex-ministros de Dilma e Temer continuam na mira do colegiado, mesmo ap\u00f3s terem deixado as pastas. Entre eles, Paulo Bernardo (Comunica\u00e7\u00e3o), Ronaldo Nogueira (Trabalho), Marcos Pereira (Ind\u00fastria) e Geddel Vieira Lima (Governo). Em defesa, todos negam envolvimento nas den\u00fancias.<\/div>\n<div class=\"n--noticia__newsletter\">\n<section class=\"newsletter-editoria editorial newsletter box-newsletter principal\">\n<div class=\"box\">\n<section class=\"col-md-12 col-sm-12 col-xs-12 content-newsletter\">\n<div class=\"row principal\">\n<section class=\"col-md-6 col-sm-6 col-xs-12  principal-newsletter\"><\/section>\n<section class=\"col-md-6 col-sm-6 col-xs-12 content-n principal-newsletter\">\n<form class=\"formNewsletter\" name=\"formNewsletter\">\n<div class=\"enviar\"><\/div>\n<\/form>\n<\/section>\n<\/div>\n<\/section>\n<\/div>\n<\/section>\n<\/div>\n<p><strong>Por todo lado<\/strong>. O julgamento do ex-presidente Lula entrou na roda de discuss\u00f5es da c\u00fapula militar. Membros do Alto-Comando do Ex\u00e9rcito, For\u00e7a A\u00e9rea e Marinha marcaram um almo\u00e7o fora dos quart\u00e9is para o dia seguinte \u00e0 decis\u00e3o do TRF-4, em Porto Alegre. Querem analisar as consequ\u00eancias pol\u00edticas.<\/p>\n<p><strong>Debandada.<\/strong>\u00a0O gesto do deputado Paulo Pereira da Silva (Solidariedade-SP), de assinar o manifesto \u201cElei\u00e7\u00e3o sem Lula \u00e9 fraude\u201d, assustou os 13 colegas da bancada. J\u00e1 se fala em sa\u00edda em massa da legenda na janela partid\u00e1ria de mar\u00e7o.<\/p>\n<p><strong>De sa\u00edda<\/strong>. Um dos primeiros a pular do barco deve ser o deputado Major Ol\u00edmpio (SP). Ele ainda n\u00e3o decidiu a qual partido se filiar\u00e1.<\/p>\n<p><strong>Tem para todos<\/strong>. Paulinho apoia o governo Temer, a gest\u00e3o do governador paulista Geraldo Alckmin e ajuda na pr\u00e9-candidatura de Rodrigo Maia.<\/p>\n<p><strong>Fonte da juventude.<\/strong>\u00a0O apresentador Silvio Santos deu um conselho a Moreira Franco quando almo\u00e7aram juntos, na semana passada: assim como ele, o ministro deveria pintar o cabelo, para parecer mais jovem.<\/p>\n<div id=\"attachment_29692\" class=\"wp-caption aligncenter\">\n<p class=\"wp-caption-text\"><strong>Sinais Particulares:<\/strong>\u00a0Silvio Santos, apresentador, e Moreira Franco, ministro da Secretaria da Presid\u00eancia; por Kleber Sales<\/p>\n<\/div>\n<p><strong>Simplifique!<\/strong>\u00a0A CGU, o Planejamento e a Casa Civil lan\u00e7am amanh\u00e3 um novo canal online para que as pessoas proponham mudan\u00e7as que facilitem a execu\u00e7\u00e3o de servi\u00e7os p\u00fablicos. Em um site, usu\u00e1rios poder\u00e3o apontar problemas burocr\u00e1ticos e, ap\u00f3s identificado, o governo se prop\u00f5e a melhor\u00e1-lo em at\u00e9 60 dias.<\/p>\n<p><strong>CLICK.<\/strong>\u00a0Depois de passar uma semana presa na Catedral de Bras\u00edlia, uma gar\u00e7a conseguiu ser retirada por equipes do Ibama. Ela n\u00e3o saiu porque n\u00e3o h\u00e1 janelas na igreja.<\/p>\n<div id=\"attachment_29688\" class=\"wp-caption aligncenter\">\n<p class=\"wp-caption-text\"><strong>De olho.<\/strong>\u00a0O Sindifisco comemorou ao saber, pela\u00a0Coluna do Estad\u00e3o,\u00a0que o STF pode derrubar o sigilo dos dados de quem aderiu \u00e0 repatria\u00e7\u00e3o de recursos.<\/p>\n<\/div>\n<p><strong>Lavagem<\/strong>. Auditores desconfiam que muitos participantes usaram o programa para carimbar como \u201climpo\u201d dinheiro de corrup\u00e7\u00e3o.<\/p>\n<p><strong>CARIRI EM A\u00c7\u00c3O<\/strong><\/p>\n<p><em>Com G1 \/Foto: Reprodu\u00e7\u00e3o Internet<\/em><\/p>\n<p><strong>Leia mais not\u00edcias em\u00a0<\/strong><a href=\"http:\/\/www.caririemacao.com\/\"><strong>caririemacao.com<\/strong><\/a><strong>, siga nossa p\u00e1gina no\u00a0<\/strong><a href=\"https:\/\/www.facebook.com\/CaririEmAcao\/?ref=aymt_homepage_panel\"><strong>Facebook<\/strong><\/a>,<strong>\u00a0<\/strong><a href=\"https:\/\/www.instagram.com\/cariri_em_acao\/?hl=pt-br\"><strong>Instagram<\/strong><\/a><strong>\u00a0e <\/strong><a href=\"https:\/\/www.youtube.com\/channel\/UCAptA0jQuYQy8vMhLt2m4qg\"><strong>Youtube<\/strong><\/a><strong>\u00a0e veja nossas mat\u00e9rias, v\u00eddeos e fotos. Voc\u00ea tamb\u00e9m pode enviar informa\u00e7\u00f5es \u00e0 Reda\u00e7\u00e3o do Portal Cariri em A\u00e7\u00e3o pelo WhatsApp (83) 9 9634.5791, (83) 9 9601-1162.<\/strong><\/p>\n","protected":false},"excerpt":{"rendered":"<p>A Comiss\u00e3o de \u00c9tica P\u00fablica da Presid\u00eancia investiga 14 dos 28 ministros de Michel Temer. Os processos foram abertos ao longo de um ano e&hellip; <\/p>\n","protected":false},"author":2,"featured_media":37445,"comment_status":"closed","ping_status":"closed","sticky":false,"template":"","format":"standard","meta":{"sfsi_plus_gutenberg_text_before_share":"","sfsi_plus_gutenberg_show_text_before_share":"","sfsi_plus_gutenberg_icon_type":"","sfsi_plus_gutenberg_icon_alignemt":"","sfsi_plus_gutenburg_max_per_row":"","footnotes":""},"categories":[11],"tags":[],"class_list":["post-37444","post","type-post","status-publish","format-standard","has-post-thumbnail","hentry","category-politica"],"_links":{"self":[{"href":"https:\/\/www.caririemacao.com\/1\/wp-json\/wp\/v2\/posts\/37444","targetHints":{"allow":["GET"]}}],"collection":[{"href":"https:\/\/www.caririemacao.com\/1\/wp-json\/wp\/v2\/posts"}],"about":[{"href":"https:\/\/www.caririemacao.com\/1\/wp-json\/wp\/v2\/types\/post"}],"author":[{"embeddable":true,"href":"https:\/\/www.caririemacao.com\/1\/wp-json\/wp\/v2\/users\/2"}],"replies":[{"embeddable":true,"href":"https:\/\/www.caririemacao.com\/1\/wp-json\/wp\/v2\/comments?post=37444"}],"version-history":[{"count":0,"href":"https:\/\/www.caririemacao.com\/1\/wp-json\/wp\/v2\/posts\/37444\/revisions"}],"wp:featuredmedia":[{"embeddable":true,"href":"https:\/\/www.caririemacao.com\/1\/wp-json\/wp\/v2\/media\/37445"}],"wp:attachment":[{"href":"https:\/\/www.caririemacao.com\/1\/wp-json\/wp\/v2\/media?parent=37444"}],"wp:term":[{"taxonomy":"category","embeddable":true,"href":"https:\/\/www.caririemacao.com\/1\/wp-json\/wp\/v2\/categories?post=37444"},{"taxonomy":"post_tag","embeddable":true,"href":"https:\/\/www.caririemacao.com\/1\/wp-json\/wp\/v2\/tags?post=37444"}],"curies":[{"name":"wp","href":"https:\/\/api.w.org\/{rel}","templated":true}]}}