{"id":37455,"date":"2018-01-15T10:39:32","date_gmt":"2018-01-15T13:39:32","guid":{"rendered":"http:\/\/caririemacao.com\/1\/?p=37455"},"modified":"2018-01-15T10:39:32","modified_gmt":"2018-01-15T13:39:32","slug":"idoso-e-encontrado-morto-em-via-publica-em-jatauba-pe","status":"publish","type":"post","link":"https:\/\/www.caririemacao.com\/1\/2018\/01\/15\/idoso-e-encontrado-morto-em-via-publica-em-jatauba-pe\/","title":{"rendered":"Idoso \u00e9 encontrado morto em via p\u00fablica, em Jata\u00faba-PE"},"content":{"rendered":"<p>Idoso \u00e9 encontrado sem vida, em via p\u00fablica jataubense. A Guarda Comunit\u00e1ria Municipal &#8216;GCM&#8217;, tomou conhecimento, de que tinha um homem (idoso), que possivelmente estava sem vida.<\/p>\n<p>A GCM se deslocou at\u00e9 o local, onde foi constatado a veracidade da informa\u00e7\u00e3o. No local, Rua Professor Manoel de Andrade (ao lado do EREM Jos\u00e9 Lopes), foi encontrado um idoso,\u00a0Jos\u00e9 Germ\u00ednio dos Santos, 74 anos, natural de Belo Jardim-PE.\u00a0 Que estava sentado ao lado de uma barraquinha, como mostram as imagens. Outras informa\u00e7\u00f5es, colhidas no local, informam que os familiares do idoso, moram em Barra de Farias, Brejo da Madre de Deus-PE.<\/p>\n<p>A Guarda Municipal, no comando do Cabo 70, fez o isolamento do local at\u00e9 a chegada da Policial Civil, que fez o levantamento cadav\u00e9rico e encaminhou o corpo para o IML de Caruaru.<\/p>\n<p>A poss\u00edvel causa do falecimento, pode ter sido card\u00edaca. Por\u00e9m, apenas exames no IML, poder\u00e1 constatar tais informa\u00e7\u00f5es.<\/p>\n<p><strong>CARIRI EM A\u00c7\u00c3O<\/strong><\/p>\n<p><em>Com Blog Alberto Barbosa \/Foto: Alberto Barbosa<\/em><\/p>\n<p><strong>Leia mais not\u00edcias em\u00a0<\/strong><a href=\"http:\/\/www.caririemacao.com\/\"><strong>caririemacao.com<\/strong><\/a><strong>, siga nossa p\u00e1gina no\u00a0<\/strong><a href=\"https:\/\/www.facebook.com\/CaririEmAcao\/?ref=aymt_homepage_panel\"><strong>Facebook<\/strong><\/a>,<strong>\u00a0<\/strong><a href=\"https:\/\/www.instagram.com\/cariri_em_acao\/?hl=pt-br\"><strong>Instagram<\/strong><\/a><strong>\u00a0e <\/strong><a href=\"https:\/\/www.youtube.com\/channel\/UCAptA0jQuYQy8vMhLt2m4qg\"><strong>Youtube<\/strong><\/a><strong>\u00a0e veja nossas mat\u00e9rias, v\u00eddeos e fotos. Voc\u00ea tamb\u00e9m pode enviar informa\u00e7\u00f5es \u00e0 Reda\u00e7\u00e3o do Portal Cariri em A\u00e7\u00e3o pelo WhatsApp (83) 9 9634.5791, (83) 9 9601-1162.<\/strong><\/p>\n","protected":false},"excerpt":{"rendered":"<p>Idoso \u00e9 encontrado sem vida, em via p\u00fablica jataubense. A Guarda Comunit\u00e1ria Municipal &#8216;GCM&#8217;, tomou conhecimento, de que tinha um homem (idoso), que possivelmente estava&hellip; <\/p>\n","protected":false},"author":2,"featured_media":37456,"comment_status":"closed","ping_status":"closed","sticky":false,"template":"","format":"standard","meta":{"sfsi_plus_gutenberg_text_before_share":"","sfsi_plus_gutenberg_show_text_before_share":"","sfsi_plus_gutenberg_icon_type":"","sfsi_plus_gutenberg_icon_alignemt":"","sfsi_plus_gutenburg_max_per_row":"","footnotes":""},"categories":[12],"tags":[],"class_list":["post-37455","post","type-post","status-publish","format-standard","has-post-thumbnail","hentry","category-policia"],"_links":{"self":[{"href":"https:\/\/www.caririemacao.com\/1\/wp-json\/wp\/v2\/posts\/37455","targetHints":{"allow":["GET"]}}],"collection":[{"href":"https:\/\/www.caririemacao.com\/1\/wp-json\/wp\/v2\/posts"}],"about":[{"href":"https:\/\/www.caririemacao.com\/1\/wp-json\/wp\/v2\/types\/post"}],"author":[{"embeddable":true,"href":"https:\/\/www.caririemacao.com\/1\/wp-json\/wp\/v2\/users\/2"}],"replies":[{"embeddable":true,"href":"https:\/\/www.caririemacao.com\/1\/wp-json\/wp\/v2\/comments?post=37455"}],"version-history":[{"count":0,"href":"https:\/\/www.caririemacao.com\/1\/wp-json\/wp\/v2\/posts\/37455\/revisions"}],"wp:featuredmedia":[{"embeddable":true,"href":"https:\/\/www.caririemacao.com\/1\/wp-json\/wp\/v2\/media\/37456"}],"wp:attachment":[{"href":"https:\/\/www.caririemacao.com\/1\/wp-json\/wp\/v2\/media?parent=37455"}],"wp:term":[{"taxonomy":"category","embeddable":true,"href":"https:\/\/www.caririemacao.com\/1\/wp-json\/wp\/v2\/categories?post=37455"},{"taxonomy":"post_tag","embeddable":true,"href":"https:\/\/www.caririemacao.com\/1\/wp-json\/wp\/v2\/tags?post=37455"}],"curies":[{"name":"wp","href":"https:\/\/api.w.org\/{rel}","templated":true}]}}