{"id":37479,"date":"2018-01-15T15:56:17","date_gmt":"2018-01-15T18:56:17","guid":{"rendered":"http:\/\/caririemacao.com\/1\/?p=37479"},"modified":"2018-01-15T15:56:17","modified_gmt":"2018-01-15T18:56:17","slug":"se-diogo-moraes-quiser-ou-nao-a-agua-vai-chegar-a-jatauba-declara-prefeito-antonio-de-roque","status":"publish","type":"post","link":"https:\/\/www.caririemacao.com\/1\/2018\/01\/15\/se-diogo-moraes-quiser-ou-nao-a-agua-vai-chegar-a-jatauba-declara-prefeito-antonio-de-roque\/","title":{"rendered":"&#8220;Se Diogo Moraes quiser ou n\u00e3o a \u00e1gua vai chegar a Jata\u00faba&#8221;, declara prefeito Ant\u00f4nio de Roque"},"content":{"rendered":"<p style=\"font-weight: 400;\">O prefeito da cidade de Jata\u00faba Ant\u00f4nio de Roque falou sobre o ato da assinatura da libera\u00e7\u00e3o para a Adutora do Alto Capibaribe, Ant\u00f4nio disse que essa \u00e9 ser\u00e1 uma obra de fundamental import\u00e2ncia j\u00e1 que em um curto espa\u00e7o de tempo a cidade de Jata\u00faba ser\u00e1 beneficiada com \u00e1gua nas torneiras. Ant\u00f4nio disse que quanto aos apoios para 2018 j\u00e1 conversou com Bruno Ara\u00fajo e o apoiar\u00e1 em qualquer candidatura, por\u00e9m, se for pra o governo do estado ir\u00e1 apoiar a reelei\u00e7\u00e3o do governador Paulo C\u00e2mara.<\/p>\n<p style=\"font-weight: 400;\">O prefeito criticou o deputado Diogo Moraes por ter falado o nome de todas as cidades e n\u00e3o ter citado a cidade de Jata\u00faba:\u00a0\u201cDiogo Moraes citou o nome de v\u00e1rios munic\u00edpios e n\u00e3o citou Jata\u00faba, se Diogo quiser ou n\u00e3o quiser a \u00e1gua vai chegar no munic\u00edpio, porque \u00e9 uma obra do governo do estado\u201d,\u00a0disse ele.<\/p>\n<p style=\"font-weight: 400;\">Quanto ao fato de ter dividido o mesmo palanque com seu principal opositor no munic\u00edpio F\u00e1bio Mam\u00e3o disse:\u00a0\u201cEssa oposi\u00e7\u00e3o de Jata\u00faba, h\u00e1 pouco tempo atr\u00e1s, cerca de 10 meses Paulo C\u00e2mara era uma AIDS, e hoje est\u00e3o se chegando, mas, seja bem vindos eu n\u00e3o tenho problema nenhum com isso n\u00e3o, eu nunca fui uma pessoa de remendo voto em Paulo, e no candidato a presidente que Paulo Indicar e voto em Bruno pra deputado ou senado, mas, pra o governo voto em Paulo, se Mam\u00e3o subir no palanque eu n\u00e3o vou descer porque cheguei primeiro do que ele\u201d,\u00a0disse o prefeito em entrevista a Jata\u00faba FM.<\/p>\n<p style=\"font-weight: 400;\">O prefeito disse que n\u00e3o tem nenhum motivo pra romper com o governo do estado, o prefeito disse que n\u00e3o se vende, e questionado sobre as palavras do vereador Zuza contestando o fato de Mam\u00e3o ter subido no palanque em que estava o prefeito disse que a oposi\u00e7\u00e3o tem que saber o que Mam\u00e3o ir\u00e1 ditar daqui pra frente e eles ter\u00e3o que obedecer. Roque disse que seu deputado ser\u00e1 Jos\u00e9 Humberto para estadual e s\u00f3 tem a possibilidade de mudar se ele subir em um palanque pra maltratar Paulo C\u00e2mara. O prefeito finalizou dizendo que quem pensa que o mesmo est\u00e1 se preparando para deixar a pol\u00edtica est\u00e1 muito enganado, pois, ele est\u00e1 come\u00e7ando agora.<\/p>\n<p style=\"font-weight: 400;\"><strong>CARIRI EM A\u00c7\u00c3O<\/strong><\/p>\n<p><em>Com Agreste No Ar\/Foto: Reprodu\u00e7\u00e3o\u00a0\u00a0<\/em><\/p>\n<p><strong>Leia mais not\u00edcias em\u00a0<\/strong><a href=\"http:\/\/www.caririemacao.com\/\"><strong>caririemacao.com<\/strong><\/a><strong>, siga nossa p\u00e1gina no\u00a0<\/strong><a href=\"https:\/\/www.facebook.com\/CaririEmAcao\/?ref=aymt_homepage_panel\"><strong>Facebook<\/strong><\/a>,<strong>\u00a0<\/strong><a href=\"https:\/\/www.instagram.com\/cariri_em_acao\/?hl=pt-br\"><strong>Instagram<\/strong><\/a><strong>\u00a0e <\/strong><a href=\"https:\/\/www.youtube.com\/channel\/UCAptA0jQuYQy8vMhLt2m4qg\"><strong>Youtube<\/strong><\/a><strong>\u00a0e veja nossas mat\u00e9rias, v\u00eddeos e fotos. Voc\u00ea tamb\u00e9m pode enviar informa\u00e7\u00f5es \u00e0 Reda\u00e7\u00e3o do Portal Cariri em A\u00e7\u00e3o pelo WhatsApp (83) 9 9634.5791, (83) 9 9601-1162.<\/strong><\/p>\n","protected":false},"excerpt":{"rendered":"<p>O prefeito da cidade de Jata\u00faba Ant\u00f4nio de Roque falou sobre o ato da assinatura da libera\u00e7\u00e3o para a Adutora do Alto Capibaribe, Ant\u00f4nio disse&hellip; <\/p>\n","protected":false},"author":2,"featured_media":37486,"comment_status":"closed","ping_status":"closed","sticky":false,"template":"","format":"standard","meta":{"sfsi_plus_gutenberg_text_before_share":"","sfsi_plus_gutenberg_show_text_before_share":"","sfsi_plus_gutenberg_icon_type":"","sfsi_plus_gutenberg_icon_alignemt":"","sfsi_plus_gutenburg_max_per_row":"","footnotes":""},"categories":[11],"tags":[],"class_list":["post-37479","post","type-post","status-publish","format-standard","has-post-thumbnail","hentry","category-politica"],"_links":{"self":[{"href":"https:\/\/www.caririemacao.com\/1\/wp-json\/wp\/v2\/posts\/37479","targetHints":{"allow":["GET"]}}],"collection":[{"href":"https:\/\/www.caririemacao.com\/1\/wp-json\/wp\/v2\/posts"}],"about":[{"href":"https:\/\/www.caririemacao.com\/1\/wp-json\/wp\/v2\/types\/post"}],"author":[{"embeddable":true,"href":"https:\/\/www.caririemacao.com\/1\/wp-json\/wp\/v2\/users\/2"}],"replies":[{"embeddable":true,"href":"https:\/\/www.caririemacao.com\/1\/wp-json\/wp\/v2\/comments?post=37479"}],"version-history":[{"count":0,"href":"https:\/\/www.caririemacao.com\/1\/wp-json\/wp\/v2\/posts\/37479\/revisions"}],"wp:featuredmedia":[{"embeddable":true,"href":"https:\/\/www.caririemacao.com\/1\/wp-json\/wp\/v2\/media\/37486"}],"wp:attachment":[{"href":"https:\/\/www.caririemacao.com\/1\/wp-json\/wp\/v2\/media?parent=37479"}],"wp:term":[{"taxonomy":"category","embeddable":true,"href":"https:\/\/www.caririemacao.com\/1\/wp-json\/wp\/v2\/categories?post=37479"},{"taxonomy":"post_tag","embeddable":true,"href":"https:\/\/www.caririemacao.com\/1\/wp-json\/wp\/v2\/tags?post=37479"}],"curies":[{"name":"wp","href":"https:\/\/api.w.org\/{rel}","templated":true}]}}