{"id":37485,"date":"2018-01-15T15:06:54","date_gmt":"2018-01-15T18:06:54","guid":{"rendered":"http:\/\/caririemacao.com\/1\/?p=37485"},"modified":"2018-01-15T15:06:54","modified_gmt":"2018-01-15T18:06:54","slug":"janot-presta-depoimento-a-pf-em-investigacao-sobre-delacao-da-jf","status":"publish","type":"post","link":"https:\/\/www.caririemacao.com\/1\/2018\/01\/15\/janot-presta-depoimento-a-pf-em-investigacao-sobre-delacao-da-jf\/","title":{"rendered":"Janot presta depoimento \u00e0 PF em investiga\u00e7\u00e3o sobre dela\u00e7\u00e3o da J&#038;F"},"content":{"rendered":"<p>O subprocurador da Rep\u00fablica, Rodrigo Janot, prestou hoje (15) depoimento \u00e0 Pol\u00edcia Federal (PF) na investiga\u00e7\u00e3o que trata das grava\u00e7\u00f5es entregues por delatores do grupo empresarial J&amp;F \u00e0 Procuradoria-Geral Rep\u00fablica (PGR).<\/p>\n<p>Janot falou como testemunha por ter acompanhado todas as etapas do acordo de dela\u00e7\u00e3o premiada envolvendo o empres\u00e1rio Joesley Batista e foi ouvido nas depend\u00eancias da Procuradoria-Geral da Rep\u00fablica (PGR) em fun\u00e7\u00e3o da prorrogativa de marcar dia e local para prestar esclarecimentos.<\/p>\n<p>A investiga\u00e7\u00e3o foi aberta no ano passado por determina\u00e7\u00e3o da presidente do Supremo Tribunal Federal, ministra C\u00e1rmen L\u00facia, ap\u00f3s as cita\u00e7\u00f5es de ministros da Corte nas grava\u00e7\u00f5es entregues pela J&amp;F \u00e0 PGR no contrato de dela\u00e7\u00e3o premiada.<\/p>\n<p>Janot ocupou o cargo de procurador-geral da Rep\u00fablica at\u00e9 setembro do ano passado e decidiu rescindir o acordo de colabora\u00e7\u00e3o de Joesley Batista, Ricardo Saud e Francisco e Assis e Silva, delatores ligados ao grupo J&amp;F. O fato que motivou a decis\u00e3o foram as suspeitas dos investigadores do Minist\u00e9rio P\u00fablico Federal (MPF) de que o empres\u00e1rio Joesley Batista e outros delatores esconderam fatos criminosos durante o processo de dela\u00e7\u00e3o.<\/p>\n<p>Segundo a procuradoria, um dos suspeitos \u00e9 o ex-procurador Marcelo Miller. A suspeita da PGR \u00e9 que Miller atuou como \u201cagente duplo\u201d durante o processo de dela\u00e7\u00e3o. Ele estava na procuradoria durante o per\u00edodo das negocia\u00e7\u00f5es e deixou o cargo para atuar em um escrit\u00f3rio de advocacia em favor da JBS. Miller nega as acusa\u00e7\u00f5es e diz que n\u00e3o cometeu ato de improbidade administrativa.<\/p>\n<p><strong>CARIRI EM A\u00c7\u00c3O<\/strong><\/p>\n<p><em>Com EBC\/Foto: Reprodu\u00e7\u00e3o Internet\u00a0\u00a0<\/em><\/p>\n<p><strong>Leia mais not\u00edcias em\u00a0<\/strong><a href=\"http:\/\/www.caririemacao.com\/\"><strong>caririemacao.com<\/strong><\/a><strong>, siga nossa p\u00e1gina no\u00a0<\/strong><a href=\"https:\/\/www.facebook.com\/CaririEmAcao\/?ref=aymt_homepage_panel\"><strong>Facebook<\/strong><\/a>,<strong>\u00a0<\/strong><a href=\"https:\/\/www.instagram.com\/cariri_em_acao\/?hl=pt-br\"><strong>Instagram<\/strong><\/a><strong>\u00a0e\u00a0<\/strong><a href=\"https:\/\/www.youtube.com\/channel\/UCAptA0jQuYQy8vMhLt2m4qg\"><strong>Youtube<\/strong><\/a><strong>\u00a0e veja nossas mat\u00e9rias, v\u00eddeos e fotos. Voc\u00ea tamb\u00e9m pode enviar informa\u00e7\u00f5es \u00e0 Reda\u00e7\u00e3o do Portal Cariri em A\u00e7\u00e3o pelo WhatsApp (83) 9 9634.5791, (83) 9 9601-1162.<\/strong><\/p>\n","protected":false},"excerpt":{"rendered":"<p>O subprocurador da Rep\u00fablica, Rodrigo Janot, prestou hoje (15) depoimento \u00e0 Pol\u00edcia Federal (PF) na investiga\u00e7\u00e3o que trata das grava\u00e7\u00f5es entregues por delatores do grupo&hellip; <\/p>\n","protected":false},"author":2,"featured_media":37487,"comment_status":"closed","ping_status":"closed","sticky":false,"template":"","format":"standard","meta":{"sfsi_plus_gutenberg_text_before_share":"","sfsi_plus_gutenberg_show_text_before_share":"","sfsi_plus_gutenberg_icon_type":"","sfsi_plus_gutenberg_icon_alignemt":"","sfsi_plus_gutenburg_max_per_row":"","footnotes":""},"categories":[11],"tags":[],"class_list":["post-37485","post","type-post","status-publish","format-standard","has-post-thumbnail","hentry","category-politica"],"_links":{"self":[{"href":"https:\/\/www.caririemacao.com\/1\/wp-json\/wp\/v2\/posts\/37485","targetHints":{"allow":["GET"]}}],"collection":[{"href":"https:\/\/www.caririemacao.com\/1\/wp-json\/wp\/v2\/posts"}],"about":[{"href":"https:\/\/www.caririemacao.com\/1\/wp-json\/wp\/v2\/types\/post"}],"author":[{"embeddable":true,"href":"https:\/\/www.caririemacao.com\/1\/wp-json\/wp\/v2\/users\/2"}],"replies":[{"embeddable":true,"href":"https:\/\/www.caririemacao.com\/1\/wp-json\/wp\/v2\/comments?post=37485"}],"version-history":[{"count":0,"href":"https:\/\/www.caririemacao.com\/1\/wp-json\/wp\/v2\/posts\/37485\/revisions"}],"wp:featuredmedia":[{"embeddable":true,"href":"https:\/\/www.caririemacao.com\/1\/wp-json\/wp\/v2\/media\/37487"}],"wp:attachment":[{"href":"https:\/\/www.caririemacao.com\/1\/wp-json\/wp\/v2\/media?parent=37485"}],"wp:term":[{"taxonomy":"category","embeddable":true,"href":"https:\/\/www.caririemacao.com\/1\/wp-json\/wp\/v2\/categories?post=37485"},{"taxonomy":"post_tag","embeddable":true,"href":"https:\/\/www.caririemacao.com\/1\/wp-json\/wp\/v2\/tags?post=37485"}],"curies":[{"name":"wp","href":"https:\/\/api.w.org\/{rel}","templated":true}]}}