{"id":37489,"date":"2018-01-15T15:31:05","date_gmt":"2018-01-15T18:31:05","guid":{"rendered":"http:\/\/caririemacao.com\/1\/?p=37489"},"modified":"2018-01-15T15:31:05","modified_gmt":"2018-01-15T18:31:05","slug":"morre-ex-ministro-fernando-vilar-em-jp-sepultamento-sera-em-taperoa","status":"publish","type":"post","link":"https:\/\/www.caririemacao.com\/1\/2018\/01\/15\/morre-ex-ministro-fernando-vilar-em-jp-sepultamento-sera-em-taperoa\/","title":{"rendered":"Morre ex-Ministro Fernando Vilar em JP; sepultamento ser\u00e1 em Tapero\u00e1"},"content":{"rendered":"<p>Faleceu nesta segunda-feira em Jo\u00e3o Pessoa, \u00e0s 2 horas da madrugada, em Manaira, v\u00edtima de Infarto fulminante, o ex-ministro do Tribunal Superior do Trabalho, tamb\u00e9m ex-presidente da Federa\u00e7\u00e3o dos Banc\u00e1rios da Paraiba, Fernando Vilar, 69 anos.<\/p>\n<div>De acordo com familiares, o corpo ser\u00e1 velado na Central de Vel\u00f3rios S\u00e3o Jo\u00e3o Batista at\u00e9 \u00e0s 17h, quando o corpo ser\u00e1 levado para Tapero\u00e1, no Cariri paraibano, onde ser\u00e1 sepultado nesta ter\u00e7a-feira (16). Em sua terra Natal, o corpo ficar\u00e1 no pr\u00e9dio da C\u00e2mara de Vereadores da cidade para as despedidas e homenagens dos cidad\u00e3os, amigos e familiares.<\/div>\n<div><\/div>\n<div>Fernando Vilar pontificou na Justi\u00e7a do Trabalho quando da fase de Juizes Classistas representando a categoria dos Banc\u00e1rios da Paraiba. Foi na fase dele como presidente da Federa\u00e7\u00e3o dos Banc\u00e1rios que terminou constituida a.cooperativa Inocop, responsavel pela cria\u00e7\u00e3o de conjuntos habitacionais de melhor padr\u00e3o surgindo assim os bairros do Altiplano e Banc\u00e1rios.<\/div>\n<div>\n<p><strong>CARIRI EM A\u00c7\u00c3O<\/strong><\/p>\n<p><em>Com WSCOM \/Foto:\u00a0Reprodu\u00e7\u00e3o \/ WEB<\/em><\/p>\n<p><strong>Leia mais not\u00edcias em\u00a0<\/strong><a href=\"http:\/\/www.caririemacao.com\/\"><strong>caririemacao.com<\/strong><\/a><strong>, siga nossa p\u00e1gina no\u00a0<\/strong><a href=\"https:\/\/www.facebook.com\/CaririEmAcao\/?ref=aymt_homepage_panel\"><strong>Facebook<\/strong><\/a>,<strong>\u00a0<\/strong><a href=\"https:\/\/www.instagram.com\/cariri_em_acao\/?hl=pt-br\"><strong>Instagram<\/strong><\/a><strong>\u00a0e\u00a0<\/strong><a href=\"https:\/\/www.youtube.com\/channel\/UCAptA0jQuYQy8vMhLt2m4qg\"><strong>Youtube<\/strong><\/a><strong>\u00a0e veja nossas mat\u00e9rias, v\u00eddeos e fotos. Voc\u00ea tamb\u00e9m pode enviar informa\u00e7\u00f5es \u00e0 Reda\u00e7\u00e3o do Portal Cariri em A\u00e7\u00e3o pelo WhatsApp (83) 9 9634.5791, (83) 9 9601-1162.<\/strong><\/p>\n<\/div>\n","protected":false},"excerpt":{"rendered":"<p>Faleceu nesta segunda-feira em Jo\u00e3o Pessoa, \u00e0s 2 horas da madrugada, em Manaira, v\u00edtima de Infarto fulminante, o ex-ministro do Tribunal Superior do Trabalho, tamb\u00e9m&hellip; <\/p>\n","protected":false},"author":2,"featured_media":37490,"comment_status":"closed","ping_status":"closed","sticky":false,"template":"","format":"standard","meta":{"sfsi_plus_gutenberg_text_before_share":"","sfsi_plus_gutenberg_show_text_before_share":"","sfsi_plus_gutenberg_icon_type":"","sfsi_plus_gutenberg_icon_alignemt":"","sfsi_plus_gutenburg_max_per_row":"","footnotes":""},"categories":[2],"tags":[],"class_list":["post-37489","post","type-post","status-publish","format-standard","has-post-thumbnail","hentry","category-geral"],"_links":{"self":[{"href":"https:\/\/www.caririemacao.com\/1\/wp-json\/wp\/v2\/posts\/37489","targetHints":{"allow":["GET"]}}],"collection":[{"href":"https:\/\/www.caririemacao.com\/1\/wp-json\/wp\/v2\/posts"}],"about":[{"href":"https:\/\/www.caririemacao.com\/1\/wp-json\/wp\/v2\/types\/post"}],"author":[{"embeddable":true,"href":"https:\/\/www.caririemacao.com\/1\/wp-json\/wp\/v2\/users\/2"}],"replies":[{"embeddable":true,"href":"https:\/\/www.caririemacao.com\/1\/wp-json\/wp\/v2\/comments?post=37489"}],"version-history":[{"count":0,"href":"https:\/\/www.caririemacao.com\/1\/wp-json\/wp\/v2\/posts\/37489\/revisions"}],"wp:featuredmedia":[{"embeddable":true,"href":"https:\/\/www.caririemacao.com\/1\/wp-json\/wp\/v2\/media\/37490"}],"wp:attachment":[{"href":"https:\/\/www.caririemacao.com\/1\/wp-json\/wp\/v2\/media?parent=37489"}],"wp:term":[{"taxonomy":"category","embeddable":true,"href":"https:\/\/www.caririemacao.com\/1\/wp-json\/wp\/v2\/categories?post=37489"},{"taxonomy":"post_tag","embeddable":true,"href":"https:\/\/www.caririemacao.com\/1\/wp-json\/wp\/v2\/tags?post=37489"}],"curies":[{"name":"wp","href":"https:\/\/api.w.org\/{rel}","templated":true}]}}