{"id":37492,"date":"2018-01-15T15:38:04","date_gmt":"2018-01-15T18:38:04","guid":{"rendered":"http:\/\/caririemacao.com\/1\/?p=37492"},"modified":"2018-01-15T15:38:04","modified_gmt":"2018-01-15T18:38:04","slug":"palmeiras-acerta-a-contratacao-de-gustavo-scarpa","status":"publish","type":"post","link":"https:\/\/www.caririemacao.com\/1\/2018\/01\/15\/palmeiras-acerta-a-contratacao-de-gustavo-scarpa\/","title":{"rendered":"Palmeiras acerta a contrata\u00e7\u00e3o de Gustavo Scarpa"},"content":{"rendered":"<p>O Palmeiras acertou a contrata\u00e7\u00e3o de Gustavo Scarpa na manh\u00e3 desta segunda-feira. O meia de 24 anos n\u00e3o estava mais ligado ao Fluminense, j\u00e1 que obteve a rescis\u00e3o de contrato com mandado judicial.<\/p>\n<p>Mesmo assim, o Verd\u00e3o estuda compensar o Flu com o empr\u00e9stimo de alguns jogadores. A leitura da diretoria do Palmeiras \u00e9 que, se o Fluminense n\u00e3o topar, a briga judicial entre Scarpa e o clube carioca ir\u00e1 se alongar, mas sem que o Verd\u00e3o seja prejudicado por isso.<\/p>\n<p>O contrato de Gustavo Scarpa com o Palmeiras ser\u00e1 de cinco anos. Ele \u00e9 o sexto refor\u00e7o do clube para a temporada. Os outros foram o zagueiro Emerson Santos, o meia Lucas Lima, o goleiro Weverton e os laterais Marcos Rocha e Diogo Barbosa.<\/p>\n<p>A negocia\u00e7\u00e3o entre Palmeiras e Scarpa tinha sido retomada nos \u00faltimos dias. No fim do ano passado, o Verd\u00e3o chegou a ser visto como destino mais prov\u00e1vel do jogador, mas a possibilidade de troca de atletas foi abortada duas vezes: primeiramente por uma recusa de R\u00f3ger Guedes em ir para o Fluminense; depois, por um desacerto nos termos do acordo.<\/p>\n<p>Depois disso, o jogador de 24 anos passou a ser disputado principalmente por S\u00e3o Paulo, Corinthians e Atl\u00e9tico-MG. No fim de semana, o Benfica, de Portugal, tamb\u00e9m tinha formalizado interesse, o que aumentou a concorr\u00eancia.<\/p>\n<p>Insatisfeito com o n\u00e3o pagamento de quatro meses de direitos de imagem e seis de FGTS, Scarpa foi \u00e0 Justi\u00e7a em 22 de dezembro para tentar a rescis\u00e3o do contrato com o Fluminense. No in\u00edcio da pr\u00e9-temporada, para a qual o meia n\u00e3o se apresentou, o clube quitou alguns d\u00e9bitos, ainda sem ter ci\u00eancia da a\u00e7\u00e3o.<\/p>\n<p>Depois de ter seu pedido negado, o jogador conseguiu desfazer o v\u00ednculo com base em um mandado de seguran\u00e7a. O Fluminense, por\u00e9m, afirmou em nota oficial que recorrer\u00e1 da decis\u00e3o e ir\u00e1 &#8220;at\u00e9 as \u00faltimas consequ\u00eancias para fazer valer seus direitos&#8221;.<\/p>\n<p>Mesmo em um 2017 at\u00edpico, com cr\u00edticas da torcida tricolor em algumas partidas, Scarpa esteve em campo em todas as rodadas do Campeonato Brasileiro deste ano. Deu 12 assist\u00eancias para gol e balan\u00e7ou as redes duas vezes.<\/p>\n<p><strong>CARIRI EM A\u00c7\u00c3O<\/strong><\/p>\n<p><em>Com Wscom\/Foto: Reprodu\u00e7\u00e3o Internet\u00a0\u00a0<\/em><\/p>\n<p><strong>Leia mais not\u00edcias em\u00a0<\/strong><a href=\"http:\/\/www.caririemacao.com\/\"><strong>caririemacao.com<\/strong><\/a><strong>, siga nossa p\u00e1gina no\u00a0<\/strong><a href=\"https:\/\/www.facebook.com\/CaririEmAcao\/?ref=aymt_homepage_panel\"><strong>Facebook<\/strong><\/a>,<strong>\u00a0<\/strong><a href=\"https:\/\/www.instagram.com\/cariri_em_acao\/?hl=pt-br\"><strong>Instagram<\/strong><\/a><strong>\u00a0e\u00a0<\/strong><a href=\"https:\/\/www.youtube.com\/channel\/UCAptA0jQuYQy8vMhLt2m4qg\"><strong>Youtube<\/strong><\/a><strong>\u00a0e veja nossas mat\u00e9rias, v\u00eddeos e fotos. Voc\u00ea tamb\u00e9m pode enviar informa\u00e7\u00f5es \u00e0 Reda\u00e7\u00e3o do Portal Cariri em A\u00e7\u00e3o pelo WhatsApp (83) 9 9634.5791, (83) 9 9601-1162.<\/strong><\/p>\n","protected":false},"excerpt":{"rendered":"<p>O Palmeiras acertou a contrata\u00e7\u00e3o de Gustavo Scarpa na manh\u00e3 desta segunda-feira. O meia de 24 anos n\u00e3o estava mais ligado ao Fluminense, j\u00e1 que&hellip; <\/p>\n","protected":false},"author":2,"featured_media":37493,"comment_status":"closed","ping_status":"closed","sticky":false,"template":"","format":"standard","meta":{"sfsi_plus_gutenberg_text_before_share":"","sfsi_plus_gutenberg_show_text_before_share":"","sfsi_plus_gutenberg_icon_type":"","sfsi_plus_gutenberg_icon_alignemt":"","sfsi_plus_gutenburg_max_per_row":"","footnotes":""},"categories":[13],"tags":[],"class_list":["post-37492","post","type-post","status-publish","format-standard","has-post-thumbnail","hentry","category-esportes"],"_links":{"self":[{"href":"https:\/\/www.caririemacao.com\/1\/wp-json\/wp\/v2\/posts\/37492","targetHints":{"allow":["GET"]}}],"collection":[{"href":"https:\/\/www.caririemacao.com\/1\/wp-json\/wp\/v2\/posts"}],"about":[{"href":"https:\/\/www.caririemacao.com\/1\/wp-json\/wp\/v2\/types\/post"}],"author":[{"embeddable":true,"href":"https:\/\/www.caririemacao.com\/1\/wp-json\/wp\/v2\/users\/2"}],"replies":[{"embeddable":true,"href":"https:\/\/www.caririemacao.com\/1\/wp-json\/wp\/v2\/comments?post=37492"}],"version-history":[{"count":0,"href":"https:\/\/www.caririemacao.com\/1\/wp-json\/wp\/v2\/posts\/37492\/revisions"}],"wp:featuredmedia":[{"embeddable":true,"href":"https:\/\/www.caririemacao.com\/1\/wp-json\/wp\/v2\/media\/37493"}],"wp:attachment":[{"href":"https:\/\/www.caririemacao.com\/1\/wp-json\/wp\/v2\/media?parent=37492"}],"wp:term":[{"taxonomy":"category","embeddable":true,"href":"https:\/\/www.caririemacao.com\/1\/wp-json\/wp\/v2\/categories?post=37492"},{"taxonomy":"post_tag","embeddable":true,"href":"https:\/\/www.caririemacao.com\/1\/wp-json\/wp\/v2\/tags?post=37492"}],"curies":[{"name":"wp","href":"https:\/\/api.w.org\/{rel}","templated":true}]}}