{"id":37665,"date":"2018-01-16T20:22:28","date_gmt":"2018-01-16T23:22:28","guid":{"rendered":"http:\/\/caririemacao.com\/1\/?p=37665"},"modified":"2018-01-16T20:22:28","modified_gmt":"2018-01-16T23:22:28","slug":"papa-pede-perdao-a-vitimas-de-abusos-sexuais-no-chile","status":"publish","type":"post","link":"https:\/\/www.caririemacao.com\/1\/2018\/01\/16\/papa-pede-perdao-a-vitimas-de-abusos-sexuais-no-chile\/","title":{"rendered":"Papa pede perd\u00e3o a v\u00edtimas de abusos sexuais no Chile"},"content":{"rendered":"<p>Em viagem ao Chile, o papa Francisco pediu nesta ter\u00e7a-feira (16\/01) perd\u00e3o \u00e0s v\u00edtimas de abusos sexuais cometidos por integrantes do clero chileno. O pedido foi feito durante um encontro com membros do corpo diplom\u00e1tico e pol\u00edticos, no primeiro ato de sua visita ao pa\u00eds sul-americano.<\/p>\n<p>&#8220;N\u00e3o posso deixar de manifestar a dor e a vergonha que sinto perante o dano irrepar\u00e1vel causado \u00e0s crian\u00e7as por integrantes da Igreja&#8221;, disse Francisco, durante um discurso na sede da presid\u00eancia chilena, o Pal\u00e1cio de la Moneda.<\/p>\n<p>As palavras do papa foram recebidas com aplausos pelas cerca de 700 pessoas que estavam reunidas no P\u00e1tio das Laranjeiras. &#8220;Quero me unir a meus irm\u00e3os no episcopado, j\u00e1 que \u00e9 justo pedir perd\u00e3o e apoiar com todas as for\u00e7as as v\u00edtimas, ao mesmo tempo em que temos que nos empenhar para que isso n\u00e3o se repita&#8221;, disse o pont\u00edfice, que, no entanto, n\u00e3o mencionou a palavra abuso.<\/p>\n<p>A viagem do papa reacendeu o esc\u00e2ndalo de pedofilia envolvendo padres cat\u00f3licos no Chile. A organiza\u00e7\u00e3o Bishop Accountability, que documenta casos de abusos sexuais cometidos por membros da Igreja Cat\u00f3lica, publicou nesta segunda-feira uma lista com os nomes de 80 sacerdotes e cl\u00e9rigos e de uma freira acusados de abusos sexuais a menores de idade no pa\u00eds sul-americano.<\/p>\n<p>Os chilenos tamb\u00e9m protestam contra a decis\u00e3o de Francisco de nomear em 2015 o bispo Juan Barros, que teria ajudado a acobertar os abusos sexuais do reverendo Fernando Karadima. Os laicos da diocese de Osorno, no sul do Chile, pedem h\u00e1 meses a destitui\u00e7\u00e3o do sacerdote.<\/p>\n<p>Em 2011, o Vaticano considerou Karadima culpado de abusar sexualmente de dezenas de menores ao longo de d\u00e9cadas. O reverendo, por\u00e9m, foi condenado apenas a uma vida de ora\u00e7\u00e3o e penit\u00eancia.<\/p>\n<h3><strong>Alvo de protesto<\/strong><\/h3>\n<p>Ap\u00f3s o encontro com pol\u00edticos e diplomatas, Francisco se reuniu por 25 minutos, em particular, com a presidente Michele Bachelet e depois foi apresentado \u00e0 m\u00e3e da governante, que foi torturada durante a ditadura militar de Augusto Pinochet.<\/p>\n<p>A reuni\u00e3o foi, para Bachelet, sua despedida do pont\u00edfice como chefe de Estado, j\u00e1 que em mar\u00e7o o presidente eleito do Chile, Sebast\u00edan Pi\u00f1era, tomar\u00e1 posse de seu cargo. Francisco tamb\u00e9m cumprimentou o presidente eleito em seu discurso para as autoridades.<\/p>\n<p>Depois do encontro com as autoridades, o papa celebrou uma missa para 400 mil pessoas no Parque O&#8217;Higgins, em Santiago. Pouco antes do in\u00edcio do evento, a pol\u00edcia dissolveu um protesto, convocado por v\u00e1rias organiza\u00e7\u00f5es sociais, contra a visita do pont\u00edfice ao pa\u00eds.<\/p>\n<p>Cerca de 20 de pessoas foram detidas no protesto, que n\u00e3o foi autorizado e contou com a participa\u00e7\u00e3o de aproximadamente 250 pessoas, que tentaram marchar at\u00e9 o Parque O&#8217;Higgins. Os manifestantes levavam cartazes com dizeres como &#8220;Papa: os pobres marcham contra as migalhas desta democracia&#8221; e &#8220;a paz n\u00e3o pode ser oferecida por um c\u00famplice que ajuda e acolhe o estuprador&#8221;.<\/p>\n<p>Na missa, Francisco enalteceu a capacidade de se reerguer do povo chileno. O papa destacou ainda a felicidade &#8220;daqueles que s\u00e3o capazes de sujar as m\u00e3os e trabalhar para que outros vivam em paz&#8221; e daqueles que &#8220;se esfor\u00e7am para n\u00e3o semear a divis\u00e3o&#8221;. Segundo ele, esta &#8220;\u00e9 a \u00fanica maneira que tecer um futuro de paz&#8221;.<\/p>\n<p>&#8220;Construir a paz \u00e9 um processo que convoca e estimula a nossa criatividade para gestar rela\u00e7\u00f5es capazes de ver no seu vizinho n\u00e3o um estranho, um desconhecido, mas um filho desta terra&#8221;, acrescentou.<\/p>\n<h3>Igrejas atacadas<\/h3>\n<p>A ida do papa ao Chile tamb\u00e9m foi o estopim para uma s\u00e9rie de atentados incendi\u00e1rios contra igrejas pelo pa\u00eds. Somente na madrugada de ter\u00e7a-feira ocorreram tr\u00eas ataques, elevando para nove o n\u00famero de igrejas incendiadas desde a semana passada.<\/p>\n<p>Dois ataques aconteceram em Cunco, a pouco mais de 700 quil\u00f4metros de Santiago, na regi\u00e3o da Araucan\u00eda. As igrejas ficaram totalmente destru\u00eddas, segundo o comandante do Corpo de Bombeiros da localidade. A pol\u00edcia investiga a autoria do crime. Araucan\u00eda \u00e9 palco de um conflito entre comunidades ind\u00edgenas, que exigem terras ancestrais, e empresas agr\u00edcolas.<\/p>\n<p>Em Puente Alto, munic\u00edpio que faz limite com Santiago, o ataque foi direcionado \u00e0 Par\u00f3quia M\u00e3e da Divina Provid\u00eancia, que sofreu danos consider\u00e1veis, segundo autoridades. De acordo com moradores da regi\u00e3o, cinco pessoas lan\u00e7aram bombas contra a porta do templo e depois queimaram bandeiras do Chile e do Vaticano.<\/p>\n<p>Essa \u00e9 a primeira viagem de Francisco ao Chile desde que assumiu o papado, em 2013. A programa\u00e7\u00e3o prev\u00ea ainda a ida ao pres\u00eddio feminino de San Joaqu\u00edn, um encontro com religiosos e uma visita privada ao santu\u00e1rio de San Alberto Hurtado.<\/p>\n<p>Na quarta-feira, Francisco viajar\u00e1 a Temudo, na regi\u00e3o da Araucan\u00eda, territ\u00f3rio reivindicado pelo povo origin\u00e1rio dos Mapuches, onde realizar\u00e1 uma missa no Aeroporto de Maquehue.<\/p>\n<p>Al\u00e9m disso, o papa celebrar\u00e1 missa em Iquique na quinta-feira e depois viajar\u00e1 para o Peru, onde far\u00e1 visitas institucionais e deve se deslocar a Puerto Maldonado para se encontrar com representantes dos povos da Amaz\u00f4nia.<\/p>\n<p><strong>CARIRI EM A\u00c7\u00c3O<\/strong><\/p>\n<p><em>Com Msn\/Foto: Reprodu\u00e7\u00e3o Internet<\/em><\/p>\n<p><strong>Leia mais not\u00edcias em\u00a0<\/strong><a href=\"http:\/\/www.caririemacao.com\/\"><strong>caririemacao.com<\/strong><\/a><strong>, siga nossa p\u00e1gina no\u00a0<\/strong><a href=\"https:\/\/www.facebook.com\/CaririEmAcao\/?ref=aymt_homepage_panel\"><strong>Facebook<\/strong><\/a>,<strong>\u00a0<\/strong><a href=\"https:\/\/www.instagram.com\/cariri_em_acao\/?hl=pt-br\"><strong>Instagram<\/strong><\/a><strong>\u00a0e\u00a0<\/strong><a href=\"https:\/\/www.youtube.com\/channel\/UCAptA0jQuYQy8vMhLt2m4qg\"><strong>Youtube<\/strong><\/a><strong>\u00a0e veja nossas mat\u00e9rias, v\u00eddeos e fotos. Voc\u00ea tamb\u00e9m pode enviar informa\u00e7\u00f5es \u00e0 Reda\u00e7\u00e3o do Portal Cariri em A\u00e7\u00e3o pelo WhatsApp (83) 9 9634.5791, (83) 9 9601-1162.<\/strong><\/p>\n","protected":false},"excerpt":{"rendered":"<p>Em viagem ao Chile, o papa Francisco pediu nesta ter\u00e7a-feira (16\/01) perd\u00e3o \u00e0s v\u00edtimas de abusos sexuais cometidos por integrantes do clero chileno. O pedido&hellip; <\/p>\n","protected":false},"author":2,"featured_media":12442,"comment_status":"closed","ping_status":"closed","sticky":false,"template":"","format":"standard","meta":{"sfsi_plus_gutenberg_text_before_share":"","sfsi_plus_gutenberg_show_text_before_share":"","sfsi_plus_gutenberg_icon_type":"","sfsi_plus_gutenberg_icon_alignemt":"","sfsi_plus_gutenburg_max_per_row":"","footnotes":""},"categories":[2],"tags":[],"class_list":["post-37665","post","type-post","status-publish","format-standard","has-post-thumbnail","hentry","category-geral"],"_links":{"self":[{"href":"https:\/\/www.caririemacao.com\/1\/wp-json\/wp\/v2\/posts\/37665","targetHints":{"allow":["GET"]}}],"collection":[{"href":"https:\/\/www.caririemacao.com\/1\/wp-json\/wp\/v2\/posts"}],"about":[{"href":"https:\/\/www.caririemacao.com\/1\/wp-json\/wp\/v2\/types\/post"}],"author":[{"embeddable":true,"href":"https:\/\/www.caririemacao.com\/1\/wp-json\/wp\/v2\/users\/2"}],"replies":[{"embeddable":true,"href":"https:\/\/www.caririemacao.com\/1\/wp-json\/wp\/v2\/comments?post=37665"}],"version-history":[{"count":0,"href":"https:\/\/www.caririemacao.com\/1\/wp-json\/wp\/v2\/posts\/37665\/revisions"}],"wp:featuredmedia":[{"embeddable":true,"href":"https:\/\/www.caririemacao.com\/1\/wp-json\/wp\/v2\/media\/12442"}],"wp:attachment":[{"href":"https:\/\/www.caririemacao.com\/1\/wp-json\/wp\/v2\/media?parent=37665"}],"wp:term":[{"taxonomy":"category","embeddable":true,"href":"https:\/\/www.caririemacao.com\/1\/wp-json\/wp\/v2\/categories?post=37665"},{"taxonomy":"post_tag","embeddable":true,"href":"https:\/\/www.caririemacao.com\/1\/wp-json\/wp\/v2\/tags?post=37665"}],"curies":[{"name":"wp","href":"https:\/\/api.w.org\/{rel}","templated":true}]}}