{"id":37667,"date":"2018-01-16T20:27:37","date_gmt":"2018-01-16T23:27:37","guid":{"rendered":"http:\/\/caririemacao.com\/1\/?p=37667"},"modified":"2018-01-16T20:27:37","modified_gmt":"2018-01-16T23:27:37","slug":"maia-se-passar-de-fevereiro-nao-se-vota-reforma-da-previdencia","status":"publish","type":"post","link":"https:\/\/www.caririemacao.com\/1\/2018\/01\/16\/maia-se-passar-de-fevereiro-nao-se-vota-reforma-da-previdencia\/","title":{"rendered":"Maia: se passar de fevereiro, n\u00e3o se vota reforma da Previd\u00eancia"},"content":{"rendered":"<p>O presidente da C\u00e2mara,\u00a0Rodrigo Maia (DEM-RJ), disse nesta ter\u00e7a-feira a empres\u00e1rios, em Nova York, que\u00a0n\u00e3o ser\u00e1 f\u00e1cil votar a\u00a0reforma da Previd\u00eancia. \u201cNesse momento a gente prioriza a agenda da reforma sem nenhum tipo de otimismo, sem que a gente diga que essa \u00e9 uma mat\u00e9ria que estar\u00e1 resolvida em fevereiro. N\u00e3o \u00e9 f\u00e1cil\u201d, disse em discurso na C\u00e2mara de Com\u00e9rcio Brasil-EUA. Segundo Maia, se passar de 19 de fevereiro, o governo n\u00e3o conseguir\u00e1 mais aprov\u00e1-la.<\/p>\n<p>Ao sair do encontro, questionado sobre a vis\u00e3o pessimista apresentada aos empres\u00e1rios, Maia negou que seja apenas pessimismo. \u201cEu n\u00e3o posso ir para nenhum ambiente no Brasil ou no exterior e mentir. J\u00e1 tem muito pol\u00edtico mentiroso no Brasil, n\u00e9? Acho que chega. Est\u00e1 na hora de a gente falar a verdade, e a reforma da Previd\u00eancia n\u00e3o \u00e9 uma vota\u00e7\u00e3o simples\u201d, disse.<\/p>\n<p>O presidente da C\u00e2mara afirmou ainda aos empres\u00e1rios que o governo hoje n\u00e3o tem base para votar a reforma. Segundo ele, dos 360 aliados que havia na C\u00e2mara antes das den\u00fancias contra o presidente Michel Temer, sobraram 250. \u201cS\u00e3o necess\u00e1rios 308 votos. Com certeza os deputados n\u00e3o ir\u00e3o ao plen\u00e1rio sem a certeza que existe uma margem\u201d, disse. Maia tamb\u00e9m atribuiu ao calend\u00e1rio de vota\u00e7\u00f5es com prioridade para a aprova\u00e7\u00e3o do teto de gastos as dificuldades com a reforma.<\/p>\n<p>Segundo Maia, as den\u00fancias contra Temer criaram um enorme problema para o calend\u00e1rio do Congresso, com cinco meses praticamente dedicados apenas \u00e0s den\u00fancias. \u201cComo a prioridade foi o teto e n\u00e3o a reforma, estamos olhando para 2019 com um grave problema fiscal pela frente e uma reforma que precisa ser votada este ano\u201d, afirmou. O teto de gastos era uma prioridade do ministro da Fazenda, Henrique Meirelles, que se empenhou pessoalmente pela sua aprova\u00e7\u00e3o. Meirelles disputa hoje com Maia a tentativa de reunir em torno de seu nome o que hoje \u00e9 a base do governo Temer para uma candidatura \u00e0 Presid\u00eancia da Rep\u00fablica.<\/p>\n<p><strong>CARIRI EM A\u00c7\u00c3O<\/strong><\/p>\n<p><em>Com Veja.com \/Foto: Reprodu\u00e7\u00e3o Internet<\/em><\/p>\n<p><strong>Leia mais not\u00edcias em\u00a0<\/strong><a href=\"http:\/\/www.caririemacao.com\/\"><strong>caririemacao.com<\/strong><\/a><strong>, siga nossa p\u00e1gina no\u00a0<\/strong><a href=\"https:\/\/www.facebook.com\/CaririEmAcao\/?ref=aymt_homepage_panel\"><strong>Facebook<\/strong><\/a>,<strong>\u00a0<\/strong><a href=\"https:\/\/www.instagram.com\/cariri_em_acao\/?hl=pt-br\"><strong>Instagram<\/strong><\/a><strong>\u00a0e\u00a0<\/strong><a href=\"https:\/\/www.youtube.com\/channel\/UCAptA0jQuYQy8vMhLt2m4qg\"><strong>Youtube<\/strong><\/a><strong>\u00a0e veja nossas mat\u00e9rias, v\u00eddeos e fotos. Voc\u00ea tamb\u00e9m pode enviar informa\u00e7\u00f5es \u00e0 Reda\u00e7\u00e3o do Portal Cariri em A\u00e7\u00e3o pelo WhatsApp (83) 9 9634.5791, (83) 9 9601-1162.<\/strong><\/p>\n<p>&nbsp;<\/p>\n<p>&nbsp;<\/p>\n","protected":false},"excerpt":{"rendered":"<p>O presidente da C\u00e2mara,\u00a0Rodrigo Maia (DEM-RJ), disse nesta ter\u00e7a-feira a empres\u00e1rios, em Nova York, que\u00a0n\u00e3o ser\u00e1 f\u00e1cil votar a\u00a0reforma da Previd\u00eancia. \u201cNesse momento a gente&hellip; <\/p>\n","protected":false},"author":2,"featured_media":33777,"comment_status":"closed","ping_status":"closed","sticky":false,"template":"","format":"standard","meta":{"sfsi_plus_gutenberg_text_before_share":"","sfsi_plus_gutenberg_show_text_before_share":"","sfsi_plus_gutenberg_icon_type":"","sfsi_plus_gutenberg_icon_alignemt":"","sfsi_plus_gutenburg_max_per_row":"","footnotes":""},"categories":[11],"tags":[],"class_list":["post-37667","post","type-post","status-publish","format-standard","has-post-thumbnail","hentry","category-politica"],"_links":{"self":[{"href":"https:\/\/www.caririemacao.com\/1\/wp-json\/wp\/v2\/posts\/37667","targetHints":{"allow":["GET"]}}],"collection":[{"href":"https:\/\/www.caririemacao.com\/1\/wp-json\/wp\/v2\/posts"}],"about":[{"href":"https:\/\/www.caririemacao.com\/1\/wp-json\/wp\/v2\/types\/post"}],"author":[{"embeddable":true,"href":"https:\/\/www.caririemacao.com\/1\/wp-json\/wp\/v2\/users\/2"}],"replies":[{"embeddable":true,"href":"https:\/\/www.caririemacao.com\/1\/wp-json\/wp\/v2\/comments?post=37667"}],"version-history":[{"count":0,"href":"https:\/\/www.caririemacao.com\/1\/wp-json\/wp\/v2\/posts\/37667\/revisions"}],"wp:featuredmedia":[{"embeddable":true,"href":"https:\/\/www.caririemacao.com\/1\/wp-json\/wp\/v2\/media\/33777"}],"wp:attachment":[{"href":"https:\/\/www.caririemacao.com\/1\/wp-json\/wp\/v2\/media?parent=37667"}],"wp:term":[{"taxonomy":"category","embeddable":true,"href":"https:\/\/www.caririemacao.com\/1\/wp-json\/wp\/v2\/categories?post=37667"},{"taxonomy":"post_tag","embeddable":true,"href":"https:\/\/www.caririemacao.com\/1\/wp-json\/wp\/v2\/tags?post=37667"}],"curies":[{"name":"wp","href":"https:\/\/api.w.org\/{rel}","templated":true}]}}