{"id":37672,"date":"2018-01-17T06:08:11","date_gmt":"2018-01-17T09:08:11","guid":{"rendered":"http:\/\/caririemacao.com\/1\/?p=37672"},"modified":"2018-01-17T06:08:11","modified_gmt":"2018-01-17T09:08:11","slug":"gleisi-hoffmann-afirmou-que-pessoas-serao-mortas-antes-que-lula-seja-preso","status":"publish","type":"post","link":"https:\/\/www.caririemacao.com\/1\/2018\/01\/17\/gleisi-hoffmann-afirmou-que-pessoas-serao-mortas-antes-que-lula-seja-preso\/","title":{"rendered":"Gleisi Hoffmann afirmou que pessoas ser\u00e3o mortas antes que Lula seja preso"},"content":{"rendered":"<p>O presidente nacional do PT, senadora Gleisi Hoffmann (PR), afirmou em entrevista que para cumprir um pedido de pris\u00e3o do ex-presidente Luiz In\u00e1cio Lula da Silva, \u201cvai ter que matar gente\u201d.<\/p>\n<p>\u201cPara prender o Lula, vai ter que prender muita gente, mas, mais do que isso, vai ter que matar gente. A\u00ed, vai ter que matar\u201d, afirmou Gleisi na segunda-feira (15).<\/p>\n<p>Lula ser\u00e1 julgado em segunda inst\u00e2ncia em 24 de janeiro pelo TRF-4 (Tribunal Regional Federal da 4\u00aa Regi\u00e3o), em Porto Alegre. Ele foi condenado a nove anos e seis meses de pris\u00e3o pelo juiz Sergio Moro na Opera\u00e7\u00e3o Lava Jato, por corrup\u00e7\u00e3o e lavagem de dinheiro no caso do tr\u00edplex no Guaruj\u00e1.<\/p>\n<p>Na \u00faltima sexta (12), deputados do PT se reuniram com o presidente do TRF4, desembargador Carlos Eduardo Thompson Flores, para discutir as medidas de seguran\u00e7a para o julgamento.<\/p>\n<p>Deputado federal e presidente do PT do Rio Grande do Sul, o ex-ministro Pepe Vargas disse que se preocupa com o risco de conflitos durante as manifesta\u00e7\u00f5es que, em sua avalia\u00e7\u00e3o, poderiam ser provocados por advers\u00e1rios infiltrados.<\/p>\n<p>\u00c0 Presid\u00eancia, o Gabinete de Seguran\u00e7a Institucional minimizou riscos de viol\u00eancia no julgamento. Segundo a coluna \u201cPainel\u201d, informou nesta ter\u00e7a (16), S\u00e9rgio Etchegoyen relatou ao presidente Michel Temer que h\u00e1 um esquema de seguran\u00e7a montado pelas for\u00e7as locais para conter qualquer tumulto e que aposta na repeti\u00e7\u00e3o da estrat\u00e9gia que garantiu atos pac\u00edficos em Curitiba, quando o petista foi condenado em primeira inst\u00e2ncia.<\/p>\n<p><strong>CARIRI EM A\u00c7\u00c3O<\/strong><\/p>\n<p><em>Com Blog do Gordinho<\/em><em>\/Foto:\u00a0Blog do Gordinho<\/em><\/p>\n<p><strong>Leia mais not\u00edcias em\u00a0<\/strong><a href=\"http:\/\/www.caririemacao.com\/\"><strong>caririemacao.com<\/strong><\/a><strong>, siga nossa p\u00e1gina no\u00a0<\/strong><a href=\"https:\/\/www.facebook.com\/CaririEmAcao\/?ref=aymt_homepage_panel\"><strong>Facebook<\/strong><\/a>,<strong>\u00a0<\/strong><a href=\"https:\/\/www.instagram.com\/cariri_em_acao\/?hl=pt-br\"><strong>Instagram<\/strong><\/a><strong>\u00a0e\u00a0<\/strong><a href=\"https:\/\/www.youtube.com\/channel\/UCAptA0jQuYQy8vMhLt2m4qg\"><strong>Youtube<\/strong><\/a><strong>\u00a0e veja nossas mat\u00e9rias, v\u00eddeos e fotos. Voc\u00ea tamb\u00e9m pode enviar informa\u00e7\u00f5es \u00e0 Reda\u00e7\u00e3o do Portal Cariri em A\u00e7\u00e3o pelo WhatsApp (83) 9 9634.5791, (83) 9 9601-1162.<\/strong><\/p>\n","protected":false},"excerpt":{"rendered":"<p>O presidente nacional do PT, senadora Gleisi Hoffmann (PR), afirmou em entrevista que para cumprir um pedido de pris\u00e3o do ex-presidente Luiz In\u00e1cio Lula da&hellip; <\/p>\n","protected":false},"author":2,"featured_media":37673,"comment_status":"closed","ping_status":"closed","sticky":false,"template":"","format":"standard","meta":{"sfsi_plus_gutenberg_text_before_share":"","sfsi_plus_gutenberg_show_text_before_share":"","sfsi_plus_gutenberg_icon_type":"","sfsi_plus_gutenberg_icon_alignemt":"","sfsi_plus_gutenburg_max_per_row":"","footnotes":""},"categories":[11],"tags":[],"class_list":["post-37672","post","type-post","status-publish","format-standard","has-post-thumbnail","hentry","category-politica"],"_links":{"self":[{"href":"https:\/\/www.caririemacao.com\/1\/wp-json\/wp\/v2\/posts\/37672","targetHints":{"allow":["GET"]}}],"collection":[{"href":"https:\/\/www.caririemacao.com\/1\/wp-json\/wp\/v2\/posts"}],"about":[{"href":"https:\/\/www.caririemacao.com\/1\/wp-json\/wp\/v2\/types\/post"}],"author":[{"embeddable":true,"href":"https:\/\/www.caririemacao.com\/1\/wp-json\/wp\/v2\/users\/2"}],"replies":[{"embeddable":true,"href":"https:\/\/www.caririemacao.com\/1\/wp-json\/wp\/v2\/comments?post=37672"}],"version-history":[{"count":0,"href":"https:\/\/www.caririemacao.com\/1\/wp-json\/wp\/v2\/posts\/37672\/revisions"}],"wp:featuredmedia":[{"embeddable":true,"href":"https:\/\/www.caririemacao.com\/1\/wp-json\/wp\/v2\/media\/37673"}],"wp:attachment":[{"href":"https:\/\/www.caririemacao.com\/1\/wp-json\/wp\/v2\/media?parent=37672"}],"wp:term":[{"taxonomy":"category","embeddable":true,"href":"https:\/\/www.caririemacao.com\/1\/wp-json\/wp\/v2\/categories?post=37672"},{"taxonomy":"post_tag","embeddable":true,"href":"https:\/\/www.caririemacao.com\/1\/wp-json\/wp\/v2\/tags?post=37672"}],"curies":[{"name":"wp","href":"https:\/\/api.w.org\/{rel}","templated":true}]}}