{"id":37675,"date":"2018-01-17T06:18:13","date_gmt":"2018-01-17T09:18:13","guid":{"rendered":"http:\/\/caririemacao.com\/1\/?p=37675"},"modified":"2018-01-17T06:18:13","modified_gmt":"2018-01-17T09:18:13","slug":"desembargador-nega-pedido-para-ouvir-lula-novamente-antes-de-julgamento","status":"publish","type":"post","link":"https:\/\/www.caririemacao.com\/1\/2018\/01\/17\/desembargador-nega-pedido-para-ouvir-lula-novamente-antes-de-julgamento\/","title":{"rendered":"Desembargador nega pedido para ouvir Lula novamente antes de julgamento"},"content":{"rendered":"<p>O desembargador Jo\u00e3o Pedro Gebran Neto, relator da Lava Janto no TRF-4 (Tribunal Regional Federal da 4\u00aa Regi\u00e3o), negou nesta 3\u00aa (16.jan.2018) recurso em que o ex-presidente Luiz In\u00e1cio Lula da Silva pede para ser ouvido novamente pela Corte antes do julgamento, marcado para 24 de janeiro.<\/p>\n<p>Em 3 de janeiro, a defesa havia\u00a0reiterado o pedido\u00a0e alegado que o interrogat\u00f3rio de Lula no dia 10 de maio de 2017\u00a0<em>\u201cfoi totalmente viciado\u201d<\/em>. Os advogados afirmam que o juiz S\u00e9rgio Moro fez\u00a0<em>\u201cperguntas estranhas ao processo e n\u00e3o permitiu ao ex-presidente exercer o direito de autodefesa com plenitude\u201d<\/em>.<\/p>\n<p>Na decis\u00e3o (\u00edntegra), Gebran Neto afirmou que\u00a0<em>\u201ca determinac\u0327a\u0303o de novo interrogato\u0301rio exige o reconhecimento de eventual nulidade do primeiro, e tal compreensa\u0303o, envolve o exame de mate\u0301ria de fato, somente passi\u0301vel de deliberac\u0327a\u0303o pelo Colegiado\u201d<\/em>.<\/p>\n<p><em>\u201cNa\u0303o socorre a defesa o disposto no art. 196 do Co\u0301digo de Processo Penal, no sentido de que \u2018a todo tempo o juiz podera\u0301 proceder a novo interrogato\u0301rio de ofi\u0301cio ou a pedido fundamentado de qualquer das partes\u2019, ja\u0301 que a previsa\u0303o se destina a\u0300 instruc\u0327a\u0303o do feito, e na\u0303o impositivamente ao jui\u0301zo recursal\u201d<\/em>, disse o desembargador, ao negar o pedido.<\/p>\n<h2><strong>JULGAMENTO<\/strong><\/h2>\n<p>Lula foi\u00a0condenado em 1\u00aa Inst\u00e2ncia\u00a0pelo juiz Sergio Moro a 9 anos e 6 meses de pris\u00e3o pelos crimes de corrup\u00e7\u00e3o passiva e lavagem de dinheiro. O TRF-4 decidir\u00e1 em 24 de janeiro se mant\u00e9m a condena\u00e7\u00e3o em 2\u00aa inst\u00e2ncia.<\/p>\n<p>A condena\u00e7\u00e3o de Lula\u00a0est\u00e1 relacionada ao processo que investigou 1 apartamento tr\u00edplex no Guaruj\u00e1 (SP) cuja propriedade \u00e9 atribu\u00edda ao petista, o que ele nega. S\u00e9rgio Moro considerou que o ex-presidente recebeu R$ 2,2 milh\u00f5es em propina da OAS na forma do im\u00f3vel.<\/p>\n<h2><strong>APELA\u00c7\u00c3O<\/strong><\/h2>\n<p>O juiz federal Jo\u00e3o Pedro Gebran Neto \u00e9 o relator da a\u00e7\u00e3o penal contra Lula no TRF-4. Gebran Neto concluiu seu parecer e voto sobre o recurso apresentado pelo ex-presidente e encaminhou o processo para an\u00e1lise do revisor, Leandro Paulsen. Ent\u00e3o, Paulsen p\u00f4de analisar o caso e elaborar o voto.<\/p>\n<p><strong>CARIRI EM A\u00c7\u00c3O<\/strong><\/p>\n<p><em>Com Poder 360 \/Foto: Reprodu\u00e7\u00e3o Internet<\/em><\/p>\n<p><strong>Leia mais not\u00edcias em\u00a0<\/strong><a href=\"http:\/\/www.caririemacao.com\/\"><strong>caririemacao.com<\/strong><\/a><strong>, siga nossa p\u00e1gina no\u00a0<\/strong><a href=\"https:\/\/www.facebook.com\/CaririEmAcao\/?ref=aymt_homepage_panel\"><strong>Facebook<\/strong><\/a>,<strong>\u00a0<\/strong><a href=\"https:\/\/www.instagram.com\/cariri_em_acao\/?hl=pt-br\"><strong>Instagram<\/strong><\/a><strong>\u00a0e\u00a0<\/strong><a href=\"https:\/\/www.youtube.com\/channel\/UCAptA0jQuYQy8vMhLt2m4qg\"><strong>Youtube<\/strong><\/a><strong>\u00a0e veja nossas mat\u00e9rias, v\u00eddeos e fotos. Voc\u00ea tamb\u00e9m pode enviar informa\u00e7\u00f5es \u00e0 Reda\u00e7\u00e3o do Portal Cariri em A\u00e7\u00e3o pelo WhatsApp (83) 9 9634.5791, (83) 9 9601-1162.<\/strong><\/p>\n","protected":false},"excerpt":{"rendered":"<p>O desembargador Jo\u00e3o Pedro Gebran Neto, relator da Lava Janto no TRF-4 (Tribunal Regional Federal da 4\u00aa Regi\u00e3o), negou nesta 3\u00aa (16.jan.2018) recurso em que&hellip; <\/p>\n","protected":false},"author":2,"featured_media":37073,"comment_status":"closed","ping_status":"closed","sticky":false,"template":"","format":"standard","meta":{"sfsi_plus_gutenberg_text_before_share":"","sfsi_plus_gutenberg_show_text_before_share":"","sfsi_plus_gutenberg_icon_type":"","sfsi_plus_gutenberg_icon_alignemt":"","sfsi_plus_gutenburg_max_per_row":"","footnotes":""},"categories":[11],"tags":[],"class_list":["post-37675","post","type-post","status-publish","format-standard","has-post-thumbnail","hentry","category-politica"],"_links":{"self":[{"href":"https:\/\/www.caririemacao.com\/1\/wp-json\/wp\/v2\/posts\/37675","targetHints":{"allow":["GET"]}}],"collection":[{"href":"https:\/\/www.caririemacao.com\/1\/wp-json\/wp\/v2\/posts"}],"about":[{"href":"https:\/\/www.caririemacao.com\/1\/wp-json\/wp\/v2\/types\/post"}],"author":[{"embeddable":true,"href":"https:\/\/www.caririemacao.com\/1\/wp-json\/wp\/v2\/users\/2"}],"replies":[{"embeddable":true,"href":"https:\/\/www.caririemacao.com\/1\/wp-json\/wp\/v2\/comments?post=37675"}],"version-history":[{"count":0,"href":"https:\/\/www.caririemacao.com\/1\/wp-json\/wp\/v2\/posts\/37675\/revisions"}],"wp:featuredmedia":[{"embeddable":true,"href":"https:\/\/www.caririemacao.com\/1\/wp-json\/wp\/v2\/media\/37073"}],"wp:attachment":[{"href":"https:\/\/www.caririemacao.com\/1\/wp-json\/wp\/v2\/media?parent=37675"}],"wp:term":[{"taxonomy":"category","embeddable":true,"href":"https:\/\/www.caririemacao.com\/1\/wp-json\/wp\/v2\/categories?post=37675"},{"taxonomy":"post_tag","embeddable":true,"href":"https:\/\/www.caririemacao.com\/1\/wp-json\/wp\/v2\/tags?post=37675"}],"curies":[{"name":"wp","href":"https:\/\/api.w.org\/{rel}","templated":true}]}}