{"id":37682,"date":"2018-01-17T06:36:19","date_gmt":"2018-01-17T09:36:19","guid":{"rendered":"http:\/\/caririemacao.com\/1\/?p=37682"},"modified":"2018-01-17T06:36:19","modified_gmt":"2018-01-17T09:36:19","slug":"prefeito-inacio-nobrega-recebeu-autoridades-dentro-da-festa-de-sao-sebastiao","status":"publish","type":"post","link":"https:\/\/www.caririemacao.com\/1\/2018\/01\/17\/prefeito-inacio-nobrega-recebeu-autoridades-dentro-da-festa-de-sao-sebastiao\/","title":{"rendered":"Prefeito In\u00e1cio Nobrega recebeu autoridades dentro da Festa de S\u00e3o Sebasti\u00e3o"},"content":{"rendered":"<p>O Prefeito In\u00e1cio Nobrega recebeu nesta \u00faltima segunda (15) o Senador Cassio Cunha Lima, o Deputado Federal Romulo Gouveia , o Deputado Estadual Tovar e o Prefeito da cidade de Campina Grande Romero Rodrigues , a cidade de Amparo que realiza deste semana passada sua tradicional Festa de Padroeira e nesta segunda foi o dia dedicado as autoridades da cidade.<\/p>\n<div>O Prefeito In\u00e1cio agradeceu a todos que atenderam seu pedido \u201ctivemos um ano at\u00edpico que foi 2017 , pegamos uma Prefeitura sucateada e com esses parceiros como o Senador Cassio e o Deputado Romulo v\u00e3o nos ajudar muito\u00a0 em Bras\u00edlia , estamos sempre atr\u00e1s de novos investimentos j\u00e1 estamos com alguns apalavrados mas vamos divulgar quando estiver concreto\u201d , o Senador Cassio elogiou a cidade de Amparo pela organiza\u00e7\u00e3o e limpeza que a cidade se encontrava e que ser\u00e1 um parceiro do Prefeito In\u00e1cio no ano 2018 , j\u00e1 o Deputado Tovar disse que j\u00e1 considera-se um Amparensse sempre que recebe um convite de In\u00e1cio o mesmo dirige-se a cidade e com isso vamos fortalecendo nosso la\u00e7o , por fim Romulo Gouveia agradeceu o convite do Prefeito In\u00e1cio\u00a0 por voltar a Amparo e ver que as coisas j\u00e1 come\u00e7am a mudar e que 2018 boas novas chegaram a cidade.<\/div>\n<div><\/div>\n<div>Sexta (19)<\/div>\n<div>Shows em Pra\u00e7a P\u00fablica: -Artistas da Terra<\/div>\n<div>-Banda Forroz\u00e3o das Antigas<\/div>\n<div>-Bedeu Quirino<\/div>\n<div><\/div>\n<div>S\u00e1bado (20)<\/div>\n<div>Shows em Pra\u00e7a P\u00fablica:<\/div>\n<div>-Genildo e Ginaldo<\/div>\n<div>-Forr\u00f3 Levado<\/div>\n<div>-Santana o Cantador.<\/div>\n<div>\n<p><strong>CARIRI EM A\u00c7\u00c3O<\/strong><\/p>\n<p><em>Com Vitrine do Cariri \/Foto:\u00a0Vitrine do Cariri<\/em><\/p>\n<p><strong>Leia mais not\u00edcias em\u00a0<\/strong><a href=\"http:\/\/www.caririemacao.com\/\"><strong>caririemacao.com<\/strong><\/a><strong>, siga nossa p\u00e1gina no\u00a0<\/strong><a href=\"https:\/\/www.facebook.com\/CaririEmAcao\/?ref=aymt_homepage_panel\"><strong>Facebook<\/strong><\/a>,<strong>\u00a0<\/strong><a href=\"https:\/\/www.instagram.com\/cariri_em_acao\/?hl=pt-br\"><strong>Instagram<\/strong><\/a><strong>\u00a0e\u00a0<\/strong><a href=\"https:\/\/www.youtube.com\/channel\/UCAptA0jQuYQy8vMhLt2m4qg\"><strong>Youtube<\/strong><\/a><strong>\u00a0e veja nossas mat\u00e9rias, v\u00eddeos e fotos. Voc\u00ea tamb\u00e9m pode enviar informa\u00e7\u00f5es \u00e0 Reda\u00e7\u00e3o do Portal Cariri em A\u00e7\u00e3o pelo WhatsApp (83) 9 9634.5791, (83) 9 9601-1162.<\/strong><\/p>\n<\/div>\n","protected":false},"excerpt":{"rendered":"<p>O Prefeito In\u00e1cio Nobrega recebeu nesta \u00faltima segunda (15) o Senador Cassio Cunha Lima, o Deputado Federal Romulo Gouveia , o Deputado Estadual Tovar e&hellip; <\/p>\n","protected":false},"author":2,"featured_media":37683,"comment_status":"closed","ping_status":"closed","sticky":false,"template":"","format":"standard","meta":{"sfsi_plus_gutenberg_text_before_share":"","sfsi_plus_gutenberg_show_text_before_share":"","sfsi_plus_gutenberg_icon_type":"","sfsi_plus_gutenberg_icon_alignemt":"","sfsi_plus_gutenburg_max_per_row":"","footnotes":""},"categories":[11],"tags":[],"class_list":["post-37682","post","type-post","status-publish","format-standard","has-post-thumbnail","hentry","category-politica"],"_links":{"self":[{"href":"https:\/\/www.caririemacao.com\/1\/wp-json\/wp\/v2\/posts\/37682","targetHints":{"allow":["GET"]}}],"collection":[{"href":"https:\/\/www.caririemacao.com\/1\/wp-json\/wp\/v2\/posts"}],"about":[{"href":"https:\/\/www.caririemacao.com\/1\/wp-json\/wp\/v2\/types\/post"}],"author":[{"embeddable":true,"href":"https:\/\/www.caririemacao.com\/1\/wp-json\/wp\/v2\/users\/2"}],"replies":[{"embeddable":true,"href":"https:\/\/www.caririemacao.com\/1\/wp-json\/wp\/v2\/comments?post=37682"}],"version-history":[{"count":0,"href":"https:\/\/www.caririemacao.com\/1\/wp-json\/wp\/v2\/posts\/37682\/revisions"}],"wp:featuredmedia":[{"embeddable":true,"href":"https:\/\/www.caririemacao.com\/1\/wp-json\/wp\/v2\/media\/37683"}],"wp:attachment":[{"href":"https:\/\/www.caririemacao.com\/1\/wp-json\/wp\/v2\/media?parent=37682"}],"wp:term":[{"taxonomy":"category","embeddable":true,"href":"https:\/\/www.caririemacao.com\/1\/wp-json\/wp\/v2\/categories?post=37682"},{"taxonomy":"post_tag","embeddable":true,"href":"https:\/\/www.caririemacao.com\/1\/wp-json\/wp\/v2\/tags?post=37682"}],"curies":[{"name":"wp","href":"https:\/\/api.w.org\/{rel}","templated":true}]}}