{"id":37685,"date":"2018-01-17T06:40:58","date_gmt":"2018-01-17T09:40:58","guid":{"rendered":"http:\/\/caririemacao.com\/1\/?p=37685"},"modified":"2018-01-17T06:40:58","modified_gmt":"2018-01-17T09:40:58","slug":"cassio-e-romero-cumprem-agenda-em-amparo-e-ouro-velho","status":"publish","type":"post","link":"https:\/\/www.caririemacao.com\/1\/2018\/01\/17\/cassio-e-romero-cumprem-agenda-em-amparo-e-ouro-velho\/","title":{"rendered":"C\u00e1ssio e Romero cumprem agenda em Amparo e Ouro Velho"},"content":{"rendered":"<p>O Senador C\u00e1ssio Cunha Lima, e o prefeito de Campina Grande, Romero Rodrigues, cumpriram agenda pol\u00edtica nesta segunda-feira, 15, nos munic\u00edpios de Amparo e Ouro Velho, no Cariri Paraibano.<\/p>\n<div>Em Amparo, os l\u00edderes do PSDB do Estado foram recebidos pelo prefeito In\u00e1cio N\u00f3brega em um jantar, e conheceram algumas a\u00e7\u00f5es que est\u00e3o sendo desenvolvidos na cidade. Na oportunidade tamb\u00e9m foi discutido sobre o pleito eleitoral que se aproxima.<\/div>\n<div><\/div>\n<div>C\u00e1ssio e Romero prestigiaram a festa dos 57 anos de emancipa\u00e7\u00e3o pol\u00edtica de Ouro Velho, e foram recebidos pela prefeita Nat\u00e1lia Lira, seu esposo, o m\u00e9dico Dr. J\u00fanior, e v\u00e1rias outras lideran\u00e7as que comp\u00f5em a base de apoio da gest\u00e3o municipal. L\u00e1, eles participaram de inaugura\u00e7\u00f5es de obras e da festa em pra\u00e7a p\u00fablica.<\/p>\n<div><\/div>\n<div>Tamb\u00e9m estiveram na comitiva o deputado federal R\u00f4mulo Gouveia, e o deputado estadual Tovar Correia Lima.<\/div>\n<p><strong>CARIRI EM A\u00c7\u00c3O<\/strong><\/p>\n<p><em>Com Vitrine do Cariri \/Vitrine do Cariri\u00a0<\/em><\/p>\n<p><strong>Leia mais not\u00edcias em\u00a0<\/strong><a href=\"http:\/\/www.caririemacao.com\/\"><strong>caririemacao.com<\/strong><\/a><strong>, siga nossa p\u00e1gina no\u00a0<\/strong><a href=\"https:\/\/www.facebook.com\/CaririEmAcao\/?ref=aymt_homepage_panel\"><strong>Facebook<\/strong><\/a>,<strong>\u00a0<\/strong><a href=\"https:\/\/www.instagram.com\/cariri_em_acao\/?hl=pt-br\"><strong>Instagram<\/strong><\/a><strong>\u00a0e\u00a0<\/strong><a href=\"https:\/\/www.youtube.com\/channel\/UCAptA0jQuYQy8vMhLt2m4qg\"><strong>Youtube<\/strong><\/a><strong>\u00a0e veja nossas mat\u00e9rias, v\u00eddeos e fotos. Voc\u00ea tamb\u00e9m pode enviar informa\u00e7\u00f5es \u00e0 Reda\u00e7\u00e3o do Portal Cariri em A\u00e7\u00e3o pelo WhatsApp (83) 9 9634.5791, (83) 9 9601-1162.<\/strong><\/p>\n<\/div>\n","protected":false},"excerpt":{"rendered":"<p>O Senador C\u00e1ssio Cunha Lima, e o prefeito de Campina Grande, Romero Rodrigues, cumpriram agenda pol\u00edtica nesta segunda-feira, 15, nos munic\u00edpios de Amparo e Ouro&hellip; <\/p>\n","protected":false},"author":2,"featured_media":37686,"comment_status":"closed","ping_status":"closed","sticky":false,"template":"","format":"standard","meta":{"sfsi_plus_gutenberg_text_before_share":"","sfsi_plus_gutenberg_show_text_before_share":"","sfsi_plus_gutenberg_icon_type":"","sfsi_plus_gutenberg_icon_alignemt":"","sfsi_plus_gutenburg_max_per_row":"","footnotes":""},"categories":[11],"tags":[],"class_list":["post-37685","post","type-post","status-publish","format-standard","has-post-thumbnail","hentry","category-politica"],"_links":{"self":[{"href":"https:\/\/www.caririemacao.com\/1\/wp-json\/wp\/v2\/posts\/37685","targetHints":{"allow":["GET"]}}],"collection":[{"href":"https:\/\/www.caririemacao.com\/1\/wp-json\/wp\/v2\/posts"}],"about":[{"href":"https:\/\/www.caririemacao.com\/1\/wp-json\/wp\/v2\/types\/post"}],"author":[{"embeddable":true,"href":"https:\/\/www.caririemacao.com\/1\/wp-json\/wp\/v2\/users\/2"}],"replies":[{"embeddable":true,"href":"https:\/\/www.caririemacao.com\/1\/wp-json\/wp\/v2\/comments?post=37685"}],"version-history":[{"count":0,"href":"https:\/\/www.caririemacao.com\/1\/wp-json\/wp\/v2\/posts\/37685\/revisions"}],"wp:featuredmedia":[{"embeddable":true,"href":"https:\/\/www.caririemacao.com\/1\/wp-json\/wp\/v2\/media\/37686"}],"wp:attachment":[{"href":"https:\/\/www.caririemacao.com\/1\/wp-json\/wp\/v2\/media?parent=37685"}],"wp:term":[{"taxonomy":"category","embeddable":true,"href":"https:\/\/www.caririemacao.com\/1\/wp-json\/wp\/v2\/categories?post=37685"},{"taxonomy":"post_tag","embeddable":true,"href":"https:\/\/www.caririemacao.com\/1\/wp-json\/wp\/v2\/tags?post=37685"}],"curies":[{"name":"wp","href":"https:\/\/api.w.org\/{rel}","templated":true}]}}