{"id":37688,"date":"2018-01-17T06:53:50","date_gmt":"2018-01-17T09:53:50","guid":{"rendered":"http:\/\/caririemacao.com\/1\/?p=37688"},"modified":"2018-01-17T06:53:50","modified_gmt":"2018-01-17T09:53:50","slug":"tarifa-de-energia-deve-permanecer-na-bandeira-verde-ate-marco","status":"publish","type":"post","link":"https:\/\/www.caririemacao.com\/1\/2018\/01\/17\/tarifa-de-energia-deve-permanecer-na-bandeira-verde-ate-marco\/","title":{"rendered":"Tarifa de energia deve permanecer na bandeira verde at\u00e9 mar\u00e7o"},"content":{"rendered":"<p>A tarifa de energia el\u00e9trica deve permanecer na bandeira verde (sem custo adicional nas contas) at\u00e9 o fim do primeiro trimestre deste ano, afirmou hoje (16) o ministro de Minas e Energia, Fernando Coelho Filho. Segundo o ministro, o volume de chuvas acima da m\u00e9dia no fim do ano contribui para a perman\u00eancia da tarifa.<\/p>\n<p>O cen\u00e1rio j\u00e1 vinha sendo sinalizado pela Ag\u00eancia Nacional de Energia El\u00e9trica (Aneel), que anunciou, no fim de dezembro, que janeiro ter\u00e1\u00a0 bandeira verde.<\/p>\n<p>Coelho Filho disse, durante visita \u00e0 Usina Hidrel\u00e9trica de Itaipu, em Foz do Igua\u00e7u (PR), que as as precipita\u00e7\u00f5es t\u00eam permitido a recupera\u00e7\u00e3o dos reservat\u00f3rios das principais usinas do pa\u00eds.<\/p>\n<p>\u201cO sistema [el\u00e9trico nacional] \u00e9 interligado, e a gente veio de cinco ou seis anos de chuvas abaixo da m\u00e9dia nos maiores reservat\u00f3rios, mas os resultados de novembro e dezembro e dos primeiros dias de janeiro t\u00eam sido muito animadores\u201d, disse o ministro.<\/p>\n<p>Em dezembro, vigorou a bandeira vermelha para o Patamar 1, quando s\u00e3o cobrados R$ 3 a cada 100 kWh.<\/p>\n<p>Nos meses de outubro e novembro, vigorou a tarifa vermelha, no Patamar 2, o que implicou a cobran\u00e7a adicional de R$ 5 para cada 100 kWh (quilowatts-hora) consumidos.<\/p>\n<p>A justificativa para a cobran\u00e7a extra deve-se ao acionamento de usinas termel\u00e9tricas que apresentam custo maior para a produ\u00e7\u00e3o de energia. De acordo com a Aneel, com a chegada do per\u00edodo chuvoso, houve acr\u00e9scimo no n\u00edvel dos reservat\u00f3rios, diminuindo a necessidade de acionamento das t\u00e9rmicas.<\/p>\n<p>&#8220;O acionamento dessa cor indica condi\u00e7\u00f5es favor\u00e1veis de gera\u00e7\u00e3o hidrel\u00e9trica no Sistema Interligado Nacional. Mesmo com a bandeira verde, \u00e9 importante manter as a\u00e7\u00f5es relacionadas ao uso consciente e combate ao desperd\u00edcio de energia el\u00e9trica&#8221;, disse a Aneel, em nota no fim de dezembro.<\/p>\n<p>Durante a visita a Itaipu, Coelho Filho participou da inaugura\u00e7\u00e3o oficial do Centro de Inova\u00e7\u00e3o em Mobilidade El\u00e9trica (CI-MES) e da assinatura de um acordo de coopera\u00e7\u00e3o, entre Itaipu e Minist\u00e9rio do Meio Ambiente, para a implanta\u00e7\u00e3o do Programa de Mobilidade Sustent\u00e1vel nos Minist\u00e9rios.<\/p>\n<p>A iniciativa visa atender ao compromisso assumido pelo Brasil na 21\u00aa Confer\u00eancia das Na\u00e7\u00f5es Unidas sobre Mudan\u00e7as do Clima (COP-21), realizada em 2015, em Paris, de reduzir as emiss\u00f5es em 37%, para at\u00e9 2025, e de 43% at\u00e9 2030.<\/p>\n<p>O programa ser\u00e1 coordenado pelo de Minas e Energia e ter\u00e1 suporte t\u00e9cnico de Itaipu. Pelo menos 10 ve\u00edculos el\u00e9tricos da bin<\/p>\n<p><strong>CARIRI EM A\u00c7\u00c3O<\/strong><\/p>\n<p><em>Com EBC\/Foto: Reprodu\u00e7\u00e3o Internet<\/em><\/p>\n<p><strong>Leia mais not\u00edcias em\u00a0<\/strong><a href=\"http:\/\/www.caririemacao.com\/\"><strong>caririemacao.com<\/strong><\/a><strong>, siga nossa p\u00e1gina no\u00a0<\/strong><a href=\"https:\/\/www.facebook.com\/CaririEmAcao\/?ref=aymt_homepage_panel\"><strong>Facebook<\/strong><\/a>,<strong>\u00a0<\/strong><a href=\"https:\/\/www.instagram.com\/cariri_em_acao\/?hl=pt-br\"><strong>Instagram<\/strong><\/a><strong>\u00a0e\u00a0<\/strong><a href=\"https:\/\/www.youtube.com\/channel\/UCAptA0jQuYQy8vMhLt2m4qg\"><strong>Youtube<\/strong><\/a><strong>\u00a0e veja nossas mat\u00e9rias, v\u00eddeos e fotos. Voc\u00ea tamb\u00e9m pode enviar informa\u00e7\u00f5es \u00e0 Reda\u00e7\u00e3o do Portal Cariri em A\u00e7\u00e3o pelo WhatsApp (83) 9 9634.5791, (83) 9 9601-1162.<\/strong><\/p>\n<p>acional ser\u00e3o cedidos para uso nos minist\u00e9rios. Hoje, apenas o minist\u00e9rio conta com um modelo el\u00e9trico de Itaipu. \u201cO meu carro oficial em Bras\u00edlia \u00e9 um ve\u00edculo el\u00e9trico de Itaipu\u201d, afirmou o ministro.<\/p>\n<p>&nbsp;<\/p>\n","protected":false},"excerpt":{"rendered":"<p>A tarifa de energia el\u00e9trica deve permanecer na bandeira verde (sem custo adicional nas contas) at\u00e9 o fim do primeiro trimestre deste ano, afirmou hoje&hellip; <\/p>\n","protected":false},"author":2,"featured_media":37689,"comment_status":"closed","ping_status":"closed","sticky":false,"template":"","format":"standard","meta":{"sfsi_plus_gutenberg_text_before_share":"","sfsi_plus_gutenberg_show_text_before_share":"","sfsi_plus_gutenberg_icon_type":"","sfsi_plus_gutenberg_icon_alignemt":"","sfsi_plus_gutenburg_max_per_row":"","footnotes":""},"categories":[2],"tags":[],"class_list":["post-37688","post","type-post","status-publish","format-standard","has-post-thumbnail","hentry","category-geral"],"_links":{"self":[{"href":"https:\/\/www.caririemacao.com\/1\/wp-json\/wp\/v2\/posts\/37688","targetHints":{"allow":["GET"]}}],"collection":[{"href":"https:\/\/www.caririemacao.com\/1\/wp-json\/wp\/v2\/posts"}],"about":[{"href":"https:\/\/www.caririemacao.com\/1\/wp-json\/wp\/v2\/types\/post"}],"author":[{"embeddable":true,"href":"https:\/\/www.caririemacao.com\/1\/wp-json\/wp\/v2\/users\/2"}],"replies":[{"embeddable":true,"href":"https:\/\/www.caririemacao.com\/1\/wp-json\/wp\/v2\/comments?post=37688"}],"version-history":[{"count":0,"href":"https:\/\/www.caririemacao.com\/1\/wp-json\/wp\/v2\/posts\/37688\/revisions"}],"wp:featuredmedia":[{"embeddable":true,"href":"https:\/\/www.caririemacao.com\/1\/wp-json\/wp\/v2\/media\/37689"}],"wp:attachment":[{"href":"https:\/\/www.caririemacao.com\/1\/wp-json\/wp\/v2\/media?parent=37688"}],"wp:term":[{"taxonomy":"category","embeddable":true,"href":"https:\/\/www.caririemacao.com\/1\/wp-json\/wp\/v2\/categories?post=37688"},{"taxonomy":"post_tag","embeddable":true,"href":"https:\/\/www.caririemacao.com\/1\/wp-json\/wp\/v2\/tags?post=37688"}],"curies":[{"name":"wp","href":"https:\/\/api.w.org\/{rel}","templated":true}]}}