{"id":37691,"date":"2018-01-17T07:01:18","date_gmt":"2018-01-17T10:01:18","guid":{"rendered":"http:\/\/caririemacao.com\/1\/?p=37691"},"modified":"2018-01-17T07:01:18","modified_gmt":"2018-01-17T10:01:18","slug":"treze-perde-para-o-crb-em-jogo-apertado-pela-copa-do-nordeste","status":"publish","type":"post","link":"https:\/\/www.caririemacao.com\/1\/2018\/01\/17\/treze-perde-para-o-crb-em-jogo-apertado-pela-copa-do-nordeste\/","title":{"rendered":"Treze perde para o CRB em jogo apertado pela Copa do Nordeste"},"content":{"rendered":"<p>A fase de grupos da\u00a0Copa do Nordeste 2018<strong>\u00a0<\/strong>foi oficialmente iniciada na noite desta ter\u00e7a-feira, com o confronto entre\u00a0Treze-PB\u00a0e\u00a0CRB-AL. Mesmo jogando no est\u00e1dio Amig\u00e3o, em Campina Grande-PB, o clube alagoano conseguiu a vit\u00f3ria por 2 a 1 e saiu na frente no Grupo A do torneio.<\/p>\n<p>Com a vit\u00f3ria, o CRB come\u00e7a na lideran\u00e7a, com tr\u00eas pontos, enquanto o Treze buscar\u00e1 os primeiros pontos na pr\u00f3xima rodada. O Grupo A ainda ter\u00e1 o confronto entre Confian\u00e7a-SE e Santa Cruz-PE nesta ter\u00e7a-feira.<\/p>\n<p><strong>O JOGO<\/strong><\/p>\n<p>A partida come\u00e7ou com muito contato f\u00edsico das equipes, que encontraram dificuldades para encontrar espa\u00e7os. No primeiro tempo, o Treze-PB foi superior e teve as melhores chances, mas n\u00e3o aproveitou nenhuma delas e o confronto foi para o intervalo empatado por 0 a 0.<\/p>\n<p>Os gols que faltaram na primeira etapa do confronto vieram na etapa final. O placar foi aberto aos 24 minutos, quando o lateral Ayrton, do CRB, bateu para o gol com muita categoria e acertou o \u00e2ngulo.<\/p>\n<p>A vit\u00f3ria do Galo veio\u00a0aos 40 minutos, quando Marc\u00e3o chutou e a bola bateu no bra\u00e7o do zagueiro do Treze. A arbitragem marcou p\u00eanalti e o pr\u00f3prio Marc\u00e3o foi para a bola para ampliar o marcador.<\/p>\n<p>O Treze at\u00e9 conseguiu diminuir a desvantagem aos 44 minutos, com gol de cabe\u00e7a do zagueiro Leonardo Luiz ap\u00f3s cobran\u00e7a de escanteio. Entretanto, o time da casa n\u00e3o teve for\u00e7as para buscar o empate.<\/p>\n<p><strong>CARIRI EM A\u00c7\u00c3O<\/strong><\/p>\n<p><em>Com PBAgora \/Foto:\u00a0PBAgora <\/em><\/p>\n<p><strong>Leia mais not\u00edcias em\u00a0<\/strong><a href=\"http:\/\/www.caririemacao.com\/\"><strong>caririemacao.com<\/strong><\/a><strong>, siga nossa p\u00e1gina no\u00a0<\/strong><a href=\"https:\/\/www.facebook.com\/CaririEmAcao\/?ref=aymt_homepage_panel\"><strong>Facebook<\/strong><\/a>,<strong>\u00a0<\/strong><a href=\"https:\/\/www.instagram.com\/cariri_em_acao\/?hl=pt-br\"><strong>Instagram<\/strong><\/a><strong>\u00a0e\u00a0<\/strong><a href=\"https:\/\/www.youtube.com\/channel\/UCAptA0jQuYQy8vMhLt2m4qg\"><strong>Youtube<\/strong><\/a><strong>\u00a0e veja nossas mat\u00e9rias, v\u00eddeos e fotos. Voc\u00ea tamb\u00e9m pode enviar informa\u00e7\u00f5es \u00e0 Reda\u00e7\u00e3o do Portal Cariri em A\u00e7\u00e3o pelo WhatsApp (83) 9 9634.5791, (83) 9 9601-1162.<\/strong><\/p>\n","protected":false},"excerpt":{"rendered":"<p>A fase de grupos da\u00a0Copa do Nordeste 2018\u00a0foi oficialmente iniciada na noite desta ter\u00e7a-feira, com o confronto entre\u00a0Treze-PB\u00a0e\u00a0CRB-AL. Mesmo jogando no est\u00e1dio Amig\u00e3o, em Campina&hellip; <\/p>\n","protected":false},"author":2,"featured_media":37692,"comment_status":"closed","ping_status":"closed","sticky":false,"template":"","format":"standard","meta":{"sfsi_plus_gutenberg_text_before_share":"","sfsi_plus_gutenberg_show_text_before_share":"","sfsi_plus_gutenberg_icon_type":"","sfsi_plus_gutenberg_icon_alignemt":"","sfsi_plus_gutenburg_max_per_row":"","footnotes":""},"categories":[13],"tags":[],"class_list":["post-37691","post","type-post","status-publish","format-standard","has-post-thumbnail","hentry","category-esportes"],"_links":{"self":[{"href":"https:\/\/www.caririemacao.com\/1\/wp-json\/wp\/v2\/posts\/37691","targetHints":{"allow":["GET"]}}],"collection":[{"href":"https:\/\/www.caririemacao.com\/1\/wp-json\/wp\/v2\/posts"}],"about":[{"href":"https:\/\/www.caririemacao.com\/1\/wp-json\/wp\/v2\/types\/post"}],"author":[{"embeddable":true,"href":"https:\/\/www.caririemacao.com\/1\/wp-json\/wp\/v2\/users\/2"}],"replies":[{"embeddable":true,"href":"https:\/\/www.caririemacao.com\/1\/wp-json\/wp\/v2\/comments?post=37691"}],"version-history":[{"count":0,"href":"https:\/\/www.caririemacao.com\/1\/wp-json\/wp\/v2\/posts\/37691\/revisions"}],"wp:featuredmedia":[{"embeddable":true,"href":"https:\/\/www.caririemacao.com\/1\/wp-json\/wp\/v2\/media\/37692"}],"wp:attachment":[{"href":"https:\/\/www.caririemacao.com\/1\/wp-json\/wp\/v2\/media?parent=37691"}],"wp:term":[{"taxonomy":"category","embeddable":true,"href":"https:\/\/www.caririemacao.com\/1\/wp-json\/wp\/v2\/categories?post=37691"},{"taxonomy":"post_tag","embeddable":true,"href":"https:\/\/www.caririemacao.com\/1\/wp-json\/wp\/v2\/tags?post=37691"}],"curies":[{"name":"wp","href":"https:\/\/api.w.org\/{rel}","templated":true}]}}