{"id":37697,"date":"2018-01-17T07:24:03","date_gmt":"2018-01-17T10:24:03","guid":{"rendered":"http:\/\/caririemacao.com\/1\/?p=37697"},"modified":"2018-01-17T07:24:03","modified_gmt":"2018-01-17T10:24:03","slug":"vices-da-caixa-afastados-por-temer-negam-irregularidades","status":"publish","type":"post","link":"https:\/\/www.caririemacao.com\/1\/2018\/01\/17\/vices-da-caixa-afastados-por-temer-negam-irregularidades\/","title":{"rendered":"Vices da Caixa afastados por Temer negam irregularidades"},"content":{"rendered":"<p>Os vice-presidentes da Caixa afastados nesta ter\u00e7a (16) negaram envolvimento em irregularidades.Em nota, Ant\u00f4nio Carlos Ferreira, vice da \u00e1rea Corporativa, disse que \u00e9 servidor efetivo da Caixa, \u00e0 qual tem prestado servi\u00e7os &#8220;com \u00e9tica e dedica\u00e7\u00e3o&#8221; h\u00e1 35 anos.<\/p>\n<p>O executivo afirmou que sua &#8220;\u00fanica liga\u00e7\u00e3o&#8221; com o PRB foi &#8220;ideol\u00f3gica&#8221;. &#8220;Esse partido apoiou a intensa luta pela implanta\u00e7\u00e3o de uma cultura profissional e de governan\u00e7a, pautada sempre na honestidade e discri\u00e7\u00e3o. Me incentivou e encorajou a enfrentar de peito aberto os percal\u00e7os causados por aqueles que disseminaram a corrup\u00e7\u00e3o naquela institui\u00e7\u00e3o&#8221;, sustentou.<\/p>\n<p>Ferreira disse que, diferentemente do propagado pelo Minist\u00e9rio P\u00fablico Federal, enfrentou com &#8220;veem\u00eancia&#8221; as &#8220;absurdas exig\u00eancias&#8221; do ex-deputado Eduardo Cunha (MDB-RJ) assim que foi nomeado.<\/p>\n<p>&#8220;Tenho a convic\u00e7\u00e3o de que esse transtorno pelo qual passo neste momento representa o \u00e1pice da minha luta, o momento da batalha decisiva, e s\u00f3 interessa aqueles que se alimentam com o desgaste da Caixa e de seus quase 90 mil servidores honestos&#8221;, reclamou.<\/p>\n<p>O vice-presidente se colocou \u00e0 inteira disposi\u00e7\u00e3o para esclarecimentos ao Minist\u00e9rio P\u00fablico e alegou jamais ter sido intimado a depor.<\/p>\n<p>&#8220;O pr\u00f3prio relat\u00f3rio do escrit\u00f3rio de advocacia Pinheiro Netto, que prestou servi\u00e7os independentes de auditoria na Caixa, conclui que n\u00e3o h\u00e1 ind\u00edcios de qualquer crime cometido por mim. Os pontos surpreendentemente citados pelo MPF n\u00e3o constam da conclus\u00e3o dos trabalhos do escrit\u00f3rio. Sou inocente&#8221;, concluiu.<\/p>\n<p>Jos\u00e9 Henrique Marques da Cruz, vice da \u00e1rea de Clientes, Neg\u00f3cios e Transforma\u00e7\u00e3o Digital, informou que abriu m\u00e3o de seus sigilos e apresentou &#8220;imediatamente&#8221; manifesta\u00e7\u00e3o documentada, esclarecendo que as mensagens alvo da investiga\u00e7\u00e3o &#8220;n\u00e3o se referiam \u00e0 sua pessoa&#8221;.<\/p>\n<p>Ele sustenta que sua nomea\u00e7\u00e3o foi de car\u00e1ter t\u00e9cnico, em fun\u00e7\u00e3o do seu &#8220;hist\u00f3rico curricular e funcional de mais de 28 anos na institui\u00e7\u00e3o&#8221;.<\/p>\n<p>O executivo foi alvo de busca e apreens\u00e3o da Pol\u00edcia Federal na Opera\u00e7\u00e3o Cui Bono. Ele \u00e9 citado em mensagens do ex-ministro Geddel Vieira Lima (MDB-BA) e de Cunha como um suposto auxiliar na libera\u00e7\u00e3o de recursos da Caixa para empresas da J&amp;F, suspeita de pagar propina aos emedebistas.<\/p>\n<p>Geddel teria procurado Marques e, em seguida, afirmado para Cunha que o executivo estava &#8220;comprometido a assinar c\u00e9dula de cr\u00e9dito banc\u00e1rio&#8221; para empresas do grupo &#8220;no dia seguinte&#8221;.<\/p>\n<p>&#8220;O relat\u00f3rio de investiga\u00e7\u00e3o independente conduzido pelo escrit\u00f3rio Pinheiro Neto, ap\u00f3s todas as an\u00e1lises documentais e das mensagens trocadas pelos investigados, registrou que &#8216;Jos\u00e9 Henrique Marques da Cruz apresentou esclarecimentos veross\u00edmeis a respeito da troca de mensagens; que n\u00e3o foi poss\u00edvel identificar um risco espec\u00edfico em sua atua\u00e7\u00e3o&#8221;, concluindo com &#8216;entendemos que n\u00e3o h\u00e1 recomenda\u00e7\u00f5es em rela\u00e7\u00e3o a Jos\u00e9 Henrique Marques da Cruz neste momento'&#8221;, comentou.<\/p>\n<p>Deusdina dos Reis Pereira (Fundos de Governo e Loterias) informou que n\u00e3o comenta assuntos submetidos ao exame do MP.<\/p>\n<p><strong>CARIRI EM A\u00c7\u00c3O<\/strong><\/p>\n<p><em>Com Not\u00edcias ao Minuto\/Foto: Reuters<\/em><\/p>\n<p><strong>Leia mais not\u00edcias em\u00a0<\/strong><a href=\"http:\/\/www.caririemacao.com\/\"><strong>caririemacao.com<\/strong><\/a><strong>, siga nossa p\u00e1gina no\u00a0<\/strong><a href=\"https:\/\/www.facebook.com\/CaririEmAcao\/?ref=aymt_homepage_panel\"><strong>Facebook<\/strong><\/a>,<strong>\u00a0<\/strong><a href=\"https:\/\/www.instagram.com\/cariri_em_acao\/?hl=pt-br\"><strong>Instagram<\/strong><\/a><strong>\u00a0e <\/strong><a href=\"https:\/\/www.youtube.com\/channel\/UCAptA0jQuYQy8vMhLt2m4qg\"><strong>Youtube<\/strong><\/a><strong>\u00a0e veja nossas mat\u00e9rias, v\u00eddeos e fotos. Voc\u00ea tamb\u00e9m pode enviar informa\u00e7\u00f5es \u00e0 Reda\u00e7\u00e3o do Portal Cariri em A\u00e7\u00e3o pelo WhatsApp (83) 9 9634.5791, (83) 9 9601-1162.<\/strong><\/p>\n","protected":false},"excerpt":{"rendered":"<p>Os vice-presidentes da Caixa afastados nesta ter\u00e7a (16) negaram envolvimento em irregularidades.Em nota, Ant\u00f4nio Carlos Ferreira, vice da \u00e1rea Corporativa, disse que \u00e9 servidor efetivo&hellip; <\/p>\n","protected":false},"author":2,"featured_media":37698,"comment_status":"closed","ping_status":"closed","sticky":false,"template":"","format":"standard","meta":{"sfsi_plus_gutenberg_text_before_share":"","sfsi_plus_gutenberg_show_text_before_share":"","sfsi_plus_gutenberg_icon_type":"","sfsi_plus_gutenberg_icon_alignemt":"","sfsi_plus_gutenburg_max_per_row":"","footnotes":""},"categories":[11],"tags":[],"class_list":["post-37697","post","type-post","status-publish","format-standard","has-post-thumbnail","hentry","category-politica"],"_links":{"self":[{"href":"https:\/\/www.caririemacao.com\/1\/wp-json\/wp\/v2\/posts\/37697","targetHints":{"allow":["GET"]}}],"collection":[{"href":"https:\/\/www.caririemacao.com\/1\/wp-json\/wp\/v2\/posts"}],"about":[{"href":"https:\/\/www.caririemacao.com\/1\/wp-json\/wp\/v2\/types\/post"}],"author":[{"embeddable":true,"href":"https:\/\/www.caririemacao.com\/1\/wp-json\/wp\/v2\/users\/2"}],"replies":[{"embeddable":true,"href":"https:\/\/www.caririemacao.com\/1\/wp-json\/wp\/v2\/comments?post=37697"}],"version-history":[{"count":0,"href":"https:\/\/www.caririemacao.com\/1\/wp-json\/wp\/v2\/posts\/37697\/revisions"}],"wp:featuredmedia":[{"embeddable":true,"href":"https:\/\/www.caririemacao.com\/1\/wp-json\/wp\/v2\/media\/37698"}],"wp:attachment":[{"href":"https:\/\/www.caririemacao.com\/1\/wp-json\/wp\/v2\/media?parent=37697"}],"wp:term":[{"taxonomy":"category","embeddable":true,"href":"https:\/\/www.caririemacao.com\/1\/wp-json\/wp\/v2\/categories?post=37697"},{"taxonomy":"post_tag","embeddable":true,"href":"https:\/\/www.caririemacao.com\/1\/wp-json\/wp\/v2\/tags?post=37697"}],"curies":[{"name":"wp","href":"https:\/\/api.w.org\/{rel}","templated":true}]}}