{"id":37700,"date":"2018-01-17T07:38:31","date_gmt":"2018-01-17T10:38:31","guid":{"rendered":"http:\/\/caririemacao.com\/1\/?p=37700"},"modified":"2018-01-17T07:38:31","modified_gmt":"2018-01-17T10:38:31","slug":"lula-sugere-que-juizes-de-porto-alegre-fizeram-leitura-dinamica-de-sentenca-de-moro","status":"publish","type":"post","link":"https:\/\/www.caririemacao.com\/1\/2018\/01\/17\/lula-sugere-que-juizes-de-porto-alegre-fizeram-leitura-dinamica-de-sentenca-de-moro\/","title":{"rendered":"Lula sugere que ju\u00edzes de Porto Alegre fizeram &#8216;leitura din\u00e2mica&#8217; de senten\u00e7a de Moro"},"content":{"rendered":"<p>Diante de uma plateia de cerca de mil apoiadores, majoritariamente da \u00e1rea da cultura, o ex-presidente Luiz In\u00e1cio Lula da Silva sugeriu na noite desta ter\u00e7a-feira, 16, no Rio, que a Justi\u00e7a Federal em Porto Alegre fez &#8220;leitura din\u00e2mica&#8221; da senten\u00e7a do juiz S\u00e9rgio Moro, que o condenou no processo do triplex do Guaruj\u00e1 (SP).<\/p>\n<p>&#8220;N\u00e3o posso falar dos ju\u00edzes de Porto Alegre, n\u00e3o conhe\u00e7o. Mas acho estranho que tenham dito que a senten\u00e7a do Moro \u00e9 irretoc\u00e1vel, sem ler. Leram n\u00e3o-sei-quantas mil p\u00e1ginas em poucos dias. Mas tem a leitura din\u00e2mica&#8221;, ironizou o ex-presidente, em evento \u201cem defesa da democracia e de Lula\u201d realizado no Teatro Oi Casa Grande, no Leblon, zona sul do Rio. Antes, na porta do teatro, foi realizado um pequeno mas ruidoso protesto que pedia \u201cLula na cadeia j\u00e1\u201d.<\/p>\n<p>Lula afirmou ainda que seus opositores &#8220;querem transformar o Brasil no\u00a0<em>Caldeir\u00e3o do Huck<\/em>&#8220;, numa refer\u00eancia ao apresentador da TV Globo Luciano Huck, aventado como poss\u00edvel candidato \u00e0 presid\u00eancia, o que o pr\u00f3prio j\u00e1 descartou.<\/p>\n<p>R\u00e9u da Lava Jato, o petista ser\u00e1 julgado pelo Tribunal Regional Federal da 4.\u00aa Regi\u00e3o (TRF-4) no pr\u00f3ximo dia 24, em Porto Alegre, no caso do triplex do Guaruj\u00e1. Segundo a for\u00e7a-tarefa da Lava Jato, o apartamento teve reforma paga pela empreiteira OAS, que recebeu em troca vantagens indevidas. O ex-presidente nega que o im\u00f3vel seja dele.<\/p>\n<p>Lula j\u00e1 foi sentenciado pelo juiz federal S\u00e9rgio Moro por corrup\u00e7\u00e3o passiva e lavagem de dinheiro a 9 anos e 6 meses de pris\u00e3o neste processo. Caso seja condenado tamb\u00e9m na segunda inst\u00e2ncia, poder\u00e1 ficar ineleg\u00edvel e concorrer \u00e0 Presid\u00eancia nas elei\u00e7\u00f5es de outubro, por conta da Lei da Ficha Limpa.<\/p>\n<p>No evento, o ex-presidente voltou a criticar Moro: &#8220;Ju\u00edzes com o comportamento dele deveriam ser exonerados.&#8221;<\/p>\n<p><strong>Artistas.\u00a0<\/strong>Acompanharam Lula no palco do Casa Grande a cantora Beth Carvalho, o humorista Gregorio Duvivier, o produtor de cinema Luiz Carlos Barreto, os diretores de teatro Aderbal Freire-Filho e Amir Haddad e os atores Dira Paes, Chico Diaz, Herson Capri, Cristina Pereira, Bete Mendes, Antonio Pitanga e Osmar Prado, entre outros. Tamb\u00e9m esteve presente o coordenador do Movimento dos Sem Teto, Guilherme Boulos, cotado como poss\u00edvel opositor de Lula na corrida presidencial, numa chapa do PSOL. O compositor Chico Buarque ajudou na mobiliza\u00e7\u00e3o, mas n\u00e3o compareceu.<\/p>\n<p>Cristina Pereira foi hostilizada pelos manifestantes anti-Lula na chegada ao Casa Grande. Eram dez pessoas, que provocavam os apoiadores de Lula na cal\u00e7ada oposta \u00e0 do teatro, gritando alto insultos a ele. O grupo pedia interven\u00e7\u00e3o militar no Pa\u00eds e trazia bandeiras nacionais.<\/p>\n<p>Osmar Prado, que chegou pouco antes, os ignorou. \u201cQuem tem medo de Luiz In\u00e1cio Lula da Silva? Os candidatos que n\u00e3o t\u00eam condi\u00e7\u00f5es de derrot\u00e1-lo na urna. Em todas as pesquisas ele est\u00e1 na frente. Lula teve dois mandatos e diminuiu a dist\u00e2ncia entre a casa grande e a senzala. Isso fica gravado na mem\u00f3ria do povo\u201d, disse o ator.<\/p>\n<p>Gregorio Duvivier fez piada do protesto na porta do teatro. \u201cFicou muito claro que a indigna\u00e7\u00e3o deles \u00e9 classista, eles n\u00e3o saem de casa h\u00e1 um ano\u201d, disse, sobre organiza\u00e7\u00f5es como o Vem Pra Rua e o Movimento Brasil Livre. \u201cFico muito feliz de ver tanta gente de vermelho no Leblon\u201d, continuou, referindo-se ao fato de o ato ser no bairro mais caro do Rio. Tamb\u00e9m no palco, o ex-ministro das Rela\u00e7\u00f5es Exteriores Celso Amorim, que vem acompanhando Lula em atos p\u00fablicos, foi saudado com gritos da plateia de \u201ce\u00f4 e\u00f4, Amorim governador (<em>do Rio<\/em>)\u201d.<\/p>\n<p><strong>Manifesto.<\/strong>\u00a0Em dezembro do ano passado, um grupo de artistas, intelectuais e representantes de movimentos sociais, integrado por Chico Buarque, os escritores Raduan Nassar e Milton Hatoum e o te\u00f3logo Leonardo Boff, entre outros, publicaram um manifesto contra \u201ca persegui\u00e7\u00e3o a Lula\u201d, divulgado no Brasil e no exterior (foi traduzido para sete idiomas) e intitulado \u201cElei\u00e7\u00e3o sem Lula \u00e9 fraude\u201d. O texto pede garantia \u00e0 sua candidatura.<\/p>\n<p>Este m\u00eas, diante da imin\u00eancia do julgamento de Lula o TRF-4,\u00a0dois poss\u00edveis candidatos \u00e0 Presid\u00eancia e seus advers\u00e1rios, Boulos e a deputada estadual ga\u00facha Manuela D\u2019\u00c1vila (PCdoB) sa\u00edram em defesa do direito do petista de concorrer. No encontro desta ter\u00e7a-feira, Boulos disse que compareceu por \u201cestar do lado da democracia\u201d e que ir\u00e1 a Porto Alegre para apoiar Lula no julgamento no TRF-4. \u201cContra (<em>o presidente Michel<\/em>) Temer tem prova de sobra, contra Lula o que tem \u00e9 persegui\u00e7\u00e3o deslavada. Ningu\u00e9m no Brasil pode admitir isso de forma natural. Para defender Lula n\u00e3o \u00e9 precisa estar 100% sintonizado com seu partido, basta defender a Constitui\u00e7\u00e3o Brasileira.\u201d<\/p>\n<p>Desde o ano passado, Lula se engajou em caravanas pelo Nordeste e o Sudeste do Brasil, nas quais discursou sobre seu desejo de voltar ao Planalto, exaltou conquistas de seus dois governos e se defendeu das acusa\u00e7\u00f5es da Lava Jato. A \u00faltima parada foi no Rio, por onde passou em dezembro. O petista falou a populares e apoiadores em com\u00edcios de lota\u00e7\u00e3o m\u00e9dia.<\/p>\n<p><strong>CARIRI EM A\u00c7\u00c3O<\/strong><\/p>\n<p><em>Com Estad\u00e3o\/Foto:<\/em>Wilton J\u00fanior\/Estad\u00e3o<\/p>\n<p><strong>Leia mais not\u00edcias em\u00a0<\/strong><a href=\"http:\/\/www.caririemacao.com\/\"><strong>caririemacao.com<\/strong><\/a><strong>, siga nossa p\u00e1gina no\u00a0<\/strong><a href=\"https:\/\/www.facebook.com\/CaririEmAcao\/?ref=aymt_homepage_panel\"><strong>Facebook<\/strong><\/a>,<strong>\u00a0<\/strong><a href=\"https:\/\/www.instagram.com\/cariri_em_acao\/?hl=pt-br\"><strong>Instagram<\/strong><\/a><strong>\u00a0e <\/strong><a href=\"https:\/\/www.youtube.com\/channel\/UCAptA0jQuYQy8vMhLt2m4qg\"><strong>Youtube<\/strong><\/a><strong>\u00a0e veja nossas mat\u00e9rias, v\u00eddeos e fotos. Voc\u00ea tamb\u00e9m pode enviar informa\u00e7\u00f5es \u00e0 Reda\u00e7\u00e3o do Portal Cariri em A\u00e7\u00e3o pelo WhatsApp (83) 9 9634.5791, (83) 9 9601-1162.<\/strong><\/p>\n","protected":false},"excerpt":{"rendered":"<p>Diante de uma plateia de cerca de mil apoiadores, majoritariamente da \u00e1rea da cultura, o ex-presidente Luiz In\u00e1cio Lula da Silva sugeriu na noite desta&hellip; <\/p>\n","protected":false},"author":2,"featured_media":37702,"comment_status":"closed","ping_status":"closed","sticky":false,"template":"","format":"standard","meta":{"sfsi_plus_gutenberg_text_before_share":"","sfsi_plus_gutenberg_show_text_before_share":"","sfsi_plus_gutenberg_icon_type":"","sfsi_plus_gutenberg_icon_alignemt":"","sfsi_plus_gutenburg_max_per_row":"","footnotes":""},"categories":[11],"tags":[],"class_list":["post-37700","post","type-post","status-publish","format-standard","has-post-thumbnail","hentry","category-politica"],"_links":{"self":[{"href":"https:\/\/www.caririemacao.com\/1\/wp-json\/wp\/v2\/posts\/37700","targetHints":{"allow":["GET"]}}],"collection":[{"href":"https:\/\/www.caririemacao.com\/1\/wp-json\/wp\/v2\/posts"}],"about":[{"href":"https:\/\/www.caririemacao.com\/1\/wp-json\/wp\/v2\/types\/post"}],"author":[{"embeddable":true,"href":"https:\/\/www.caririemacao.com\/1\/wp-json\/wp\/v2\/users\/2"}],"replies":[{"embeddable":true,"href":"https:\/\/www.caririemacao.com\/1\/wp-json\/wp\/v2\/comments?post=37700"}],"version-history":[{"count":0,"href":"https:\/\/www.caririemacao.com\/1\/wp-json\/wp\/v2\/posts\/37700\/revisions"}],"wp:featuredmedia":[{"embeddable":true,"href":"https:\/\/www.caririemacao.com\/1\/wp-json\/wp\/v2\/media\/37702"}],"wp:attachment":[{"href":"https:\/\/www.caririemacao.com\/1\/wp-json\/wp\/v2\/media?parent=37700"}],"wp:term":[{"taxonomy":"category","embeddable":true,"href":"https:\/\/www.caririemacao.com\/1\/wp-json\/wp\/v2\/categories?post=37700"},{"taxonomy":"post_tag","embeddable":true,"href":"https:\/\/www.caririemacao.com\/1\/wp-json\/wp\/v2\/tags?post=37700"}],"curies":[{"name":"wp","href":"https:\/\/api.w.org\/{rel}","templated":true}]}}