{"id":37704,"date":"2018-01-17T07:43:06","date_gmt":"2018-01-17T10:43:06","guid":{"rendered":"http:\/\/caririemacao.com\/1\/?p=37704"},"modified":"2018-01-17T07:43:06","modified_gmt":"2018-01-17T10:43:06","slug":"pt-aposta-em-politizacao-e-poe-2-deputados-em-julgamento-de-lula","status":"publish","type":"post","link":"https:\/\/www.caririemacao.com\/1\/2018\/01\/17\/pt-aposta-em-politizacao-e-poe-2-deputados-em-julgamento-de-lula\/","title":{"rendered":"PT aposta em politiza\u00e7\u00e3o e p\u00f5e 2 deputados em julgamento de Lula"},"content":{"rendered":"<p>Dois deputados federais do\u00a0PT\u00a0v\u00e3o poder participar da sess\u00e3o e fazer sustenta\u00e7\u00f5es orais durante o julgamento dos recursos do processo em que o ex-presidente\u00a0Luiz In\u00e1cio Lula da Silva\u00a0foi condenado a nove anos e meio de pris\u00e3o por corrup\u00e7\u00e3o passiva e lavagem de dinheiro no caso do\u00a0tr\u00edplex do Guaruj\u00e1.<\/p>\n<p>Advogados,\u00a0Wadih Damous (PT-RJ)\u00a0e\u00a0Paulo Teixeira (PT)\u00a0est\u00e3o entre os principais cr\u00edticos da\u00a0Opera\u00e7\u00e3o Lava Jato, principalmente das decis\u00f5es da for\u00e7a-tarefa de Curitiba e do juiz\u00a0Sergio Moro, respons\u00e1vel pela condena\u00e7\u00e3o de Lula e considerado parcial pelos petistas.<\/p>\n<p>A participa\u00e7\u00e3o dos parlamentares \u2013 uma clara estrat\u00e9gia do PT para politizar ainda mais o julgamento \u2013 s\u00f3 foi poss\u00edvel porque eles foram indicados como defensores pelo presidente do Instituto Lula,\u00a0Paulo Okamotto, que tamb\u00e9m \u00e9 parte no processo . O advogado Fernando Fernandes, que vinha defendendo o petista, substabeleceu a causa para os dois deputados.<\/p>\n<p>Damous \u00e9 formado em direito pela Universidade Estadual do Rio de Janeiro (UERJ) e fez mestrado em direito constitucional na Pontif\u00edcia Universidade Cat\u00f3lica (PUC-RJ). Foi presidente da seccional da Ordem dos Advogados do Brasil (OAB) no Rio por dois mandatos, de 2007 a 2012. J\u00e1 Teixeira \u00e9 formado em direito pela Faculdade de Direito da Universidade de S\u00e3o Paulo (USP), do Largo S\u00e3o Francisco, mesma institui\u00e7\u00e3o onde fez mestrado em direito constitucional.<\/p>\n<p>Em mar\u00e7o do ano passado, Damous apresentou uma s\u00e9rie de projetos que, se aprovados, podem afetar desdobramentos da opera\u00e7\u00e3o, segundo avalia\u00e7\u00e3o dos investigadores. Uma proposta estabelece que processos ou procedimentos penais sejam extintos, sem julgamento de m\u00e9rito, se n\u00e3o forem conclu\u00eddos em um ano.<\/p>\n<p>Damous tamb\u00e9m foi \u00e0 Espanha \u2013 com o tamb\u00e9m deputado federal Paulo Pimenta (PT-RS), hoje l\u00edder do partido na C\u00e2mara \u2013 negociar o depoimento do espanhol\u00a0Rodrigo Tacla Dur\u00e1n, ex-advogado da Odebrecht e cr\u00edtico dos m\u00e9todos de Moro e da for\u00e7a-tarefa de Curitiba, para depor na CPI Mista da JBS, no Congresso, o que acabou ocorrendo.<\/p>\n<p>J\u00e1 Paulo Teixeira confrontou Moro durante sua participa\u00e7\u00e3o, em mar\u00e7o do ano passado, na comiss\u00e3o da C\u00e2mara que analisa o novo C\u00f3digo de Processo Penal. Ao defender uma legisla\u00e7\u00e3o para o abuso de autoridade, o petista disse que o Congresso quer evitar que ju\u00edzes fa\u00e7am pol\u00edtica partid\u00e1ria. O petista acusou o magistrado de cometer irregularidades na quebra de sigilo telef\u00f4nico da ex-presidente Dilma Rousseff e na condu\u00e7\u00e3o coercitiva de Lula, em mar\u00e7o de 2016.<\/p>\n<h3>Inocente<\/h3>\n<p>Okamotto est\u00e1 mais \u00e0 vontade para trocar de advogado no dia do julgamento porque foi absolvido por Moro. Ele era acusado de lavagem de dinheiro por intermediar as tratativas para o armazenamento dos bens de Lula entre a OAS e a empresa Granero. Apesar da absolvi\u00e7\u00e3o, recorreu ao TRF4 por n\u00e3o concordar com o fundamento legal que embasou a senten\u00e7a de absolvi\u00e7\u00e3o por Moro, que apontou falta de provas materiais. O presidente do Instituto Lula quer ser absolvido por inexist\u00eancia de crime.<\/p>\n<h3>Politiza\u00e7\u00e3o<\/h3>\n<p>A a\u00e7\u00e3o de Okamotto refor\u00e7a a estrat\u00e9gia do PT e dos movimentos sociais e sindicais aliados de politizar ao m\u00e1ximo o julgamento do ex-presidente, tentando caracterizar o processo como uma persegui\u00e7\u00e3o contra o petista com o objetivo de deixa-lo fora da\u00a0disputa eleitoral deste ano.<\/p>\n<p>Um dos motes usados pelos apoiadores do ex-presidente \u00e9\u00a0\u201cElei\u00e7\u00e3o sem Lula \u00e9 fraude\u201d. O petista, que lidera as pesquisas de inten\u00e7\u00e3o de voto para a Presid\u00eancia da Rep\u00fablica, pode ficar ineleg\u00edvel se for condenado em segunda inst\u00e2ncia.<\/p>\n<p><strong>CARIRI EM A\u00c7\u00c3O<\/strong><\/p>\n<p><em>Com\u00a0<\/em>VEJA<em>\/Foto: Reprodu\u00e7\u00e3o Internet<\/em><\/p>\n<p><strong>Leia mais not\u00edcias em\u00a0<\/strong><a href=\"http:\/\/www.caririemacao.com\/\"><strong>caririemacao.com<\/strong><\/a><strong>, siga nossa p\u00e1gina no\u00a0<\/strong><a href=\"https:\/\/www.facebook.com\/CaririEmAcao\/?ref=aymt_homepage_panel\"><strong>Facebook<\/strong><\/a>,<strong>\u00a0<\/strong><a href=\"https:\/\/www.instagram.com\/cariri_em_acao\/?hl=pt-br\"><strong>Instagram<\/strong><\/a><strong>\u00a0e <\/strong><a href=\"https:\/\/www.youtube.com\/channel\/UCAptA0jQuYQy8vMhLt2m4qg\"><strong>Youtube<\/strong><\/a><strong>\u00a0e veja nossas mat\u00e9rias, v\u00eddeos e fotos. Voc\u00ea tamb\u00e9m pode enviar informa\u00e7\u00f5es \u00e0 Reda\u00e7\u00e3o do Portal Cariri em A\u00e7\u00e3o pelo WhatsApp (83) 9 9634.5791, (83) 9 9601-1162.<\/strong><\/p>\n","protected":false},"excerpt":{"rendered":"<p>Dois deputados federais do\u00a0PT\u00a0v\u00e3o poder participar da sess\u00e3o e fazer sustenta\u00e7\u00f5es orais durante o julgamento dos recursos do processo em que o ex-presidente\u00a0Luiz In\u00e1cio Lula&hellip; <\/p>\n","protected":false},"author":2,"featured_media":37705,"comment_status":"closed","ping_status":"closed","sticky":false,"template":"","format":"standard","meta":{"sfsi_plus_gutenberg_text_before_share":"","sfsi_plus_gutenberg_show_text_before_share":"","sfsi_plus_gutenberg_icon_type":"","sfsi_plus_gutenberg_icon_alignemt":"","sfsi_plus_gutenburg_max_per_row":"","footnotes":""},"categories":[11],"tags":[],"class_list":["post-37704","post","type-post","status-publish","format-standard","has-post-thumbnail","hentry","category-politica"],"_links":{"self":[{"href":"https:\/\/www.caririemacao.com\/1\/wp-json\/wp\/v2\/posts\/37704","targetHints":{"allow":["GET"]}}],"collection":[{"href":"https:\/\/www.caririemacao.com\/1\/wp-json\/wp\/v2\/posts"}],"about":[{"href":"https:\/\/www.caririemacao.com\/1\/wp-json\/wp\/v2\/types\/post"}],"author":[{"embeddable":true,"href":"https:\/\/www.caririemacao.com\/1\/wp-json\/wp\/v2\/users\/2"}],"replies":[{"embeddable":true,"href":"https:\/\/www.caririemacao.com\/1\/wp-json\/wp\/v2\/comments?post=37704"}],"version-history":[{"count":0,"href":"https:\/\/www.caririemacao.com\/1\/wp-json\/wp\/v2\/posts\/37704\/revisions"}],"wp:featuredmedia":[{"embeddable":true,"href":"https:\/\/www.caririemacao.com\/1\/wp-json\/wp\/v2\/media\/37705"}],"wp:attachment":[{"href":"https:\/\/www.caririemacao.com\/1\/wp-json\/wp\/v2\/media?parent=37704"}],"wp:term":[{"taxonomy":"category","embeddable":true,"href":"https:\/\/www.caririemacao.com\/1\/wp-json\/wp\/v2\/categories?post=37704"},{"taxonomy":"post_tag","embeddable":true,"href":"https:\/\/www.caririemacao.com\/1\/wp-json\/wp\/v2\/tags?post=37704"}],"curies":[{"name":"wp","href":"https:\/\/api.w.org\/{rel}","templated":true}]}}