{"id":37710,"date":"2018-01-17T07:59:41","date_gmt":"2018-01-17T10:59:41","guid":{"rendered":"http:\/\/caririemacao.com\/1\/?p=37710"},"modified":"2018-01-17T07:59:41","modified_gmt":"2018-01-17T10:59:41","slug":"corinthians-anuncia-a-contratacao-de-mateus-vital-ate-o-fim-de-2021","status":"publish","type":"post","link":"https:\/\/www.caririemacao.com\/1\/2018\/01\/17\/corinthians-anuncia-a-contratacao-de-mateus-vital-ate-o-fim-de-2021\/","title":{"rendered":"Corinthians anuncia a contrata\u00e7\u00e3o de Mateus Vital at\u00e9 o fim de 2021"},"content":{"rendered":"<p>O Corinthians anunciou nesta ter\u00e7a-feira a contrata\u00e7\u00e3o do meia Mateus Vital, que era do Vasco. O jogador de 19 anos assinou v\u00ednculo com o Tim\u00e3o at\u00e9 o fim de 2021.<\/p>\n<p>&#8211; \u00c9 um prazer enorme estar vestindo essa camisa aqui, espero dar muitas alegrias a esse bando de loucos, a essa torcida maravilhosa &#8211; afirmou o jogador.<\/p>\n<p>Mateus Vital j\u00e1 vinha treinando no CT Joaquim Grava, mas o Corinthians esperava a rescis\u00e3o do contrato do jogador com o Vasco, que apareceu nesta ter\u00e7a-feira no BID (Boletim Informativo Di\u00e1rio) da CBF (Confedera\u00e7\u00e3o Brasileira de Futebol) tamb\u00e9m nesta ter\u00e7a.<\/p>\n<p>O meia \u00e9 o quinto refor\u00e7o anunciado pelo Tim\u00e3o, ap\u00f3s as contrata\u00e7\u00f5es de Ren\u00ea J\u00fanior, Juninho Capixaba, J\u00fanior Dutra e Emerson Sheik. Al\u00e9m deles, o Corinthians tem acerto com o zagueiro Henrique, do Fluminense, mas espera a rescis\u00e3o de contrato para anuni\u00e1-lo. O defensor tamb\u00e9m j\u00e1 treina no CT Joaquim Grava.<\/p>\n<p>Mateus Vital n\u00e3o estava nos planos do Corinthians, mas foi considerado uma &#8220;oportunidade de mercado&#8221;. Dois fatores foram fundamentais para o Tim\u00e3o investir no jogador: versatilidade e potencial de venda.<\/p>\n<p><strong>Ficha t\u00e9cnica:<\/strong><\/p>\n<p><strong>Nome completo:\u00a0<\/strong>Mateus da Silva Vital Assun\u00e7\u00e3o<\/p>\n<p><strong>Data de nascimento:\u00a0<\/strong>12\/02\/1998<\/p>\n<p><strong>Local de nascimento:\u00a0<\/strong>Rio de Janeiro<\/p>\n<p><strong>Altura:\u00a0<\/strong>1,78m<\/p>\n<p><strong>Posi\u00e7\u00e3o:<\/strong>\u00a0Meia<\/p>\n<p><strong>Clube onde jogou:\u00a0<\/strong>Vasco desde os cinco anos de idade.<\/p>\n<p><strong>T\u00edtulo:\u00a0<\/strong>Campe\u00e3o Carioca 2016<\/p>\n<p><strong>Sele\u00e7\u00e3o Brasileira:\u00a0<\/strong>sele\u00e7\u00f5es de base Sub-15, Sub-17 e Sub-20.<\/p>\n<div id=\"aol_outstream_article\" data-bcid=\"56603651bbe5bf10d057f868\" data-id=\"122\" data-m=\"{&quot;i&quot;:122,&quot;p&quot;:100,&quot;n&quot;:&quot;aol-article-inlineOutstreamAd&quot;,&quot;t&quot;:&quot;AolInlineOutstreamAd&quot;,&quot;o&quot;:14}\">\n<div id=\"590760c31de5a10537b6f1b3\" class=\"vdb_player \">\n<div><strong>CARIRI EM A\u00c7\u00c3O<\/strong><em>Com LANCE\/Foto: Reprodu\u00e7\u00e3o Internet<\/em><\/p>\n<p><strong>Leia mais not\u00edcias em\u00a0<\/strong><a href=\"http:\/\/www.caririemacao.com\/\"><strong>caririemacao.com<\/strong><\/a><strong>, siga nossa p\u00e1gina no\u00a0<\/strong><a href=\"https:\/\/www.facebook.com\/CaririEmAcao\/?ref=aymt_homepage_panel\"><strong>Facebook<\/strong><\/a>,<strong>\u00a0<\/strong><a href=\"https:\/\/www.instagram.com\/cariri_em_acao\/?hl=pt-br\"><strong>Instagram<\/strong><\/a><strong>\u00a0e <\/strong><a href=\"https:\/\/www.youtube.com\/channel\/UCAptA0jQuYQy8vMhLt2m4qg\"><strong>Youtube<\/strong><\/a><strong>\u00a0e veja nossas mat\u00e9rias, v\u00eddeos e fotos. Voc\u00ea tamb\u00e9m pode enviar informa\u00e7\u00f5es \u00e0 Reda\u00e7\u00e3o do Portal Cariri em A\u00e7\u00e3o pelo WhatsApp (83) 9 9634.5791, (83) 9 9601-1162.<\/strong><\/p>\n<\/div>\n<div id=\"vdb_f394ebf9-41ea-4b52-a83a-513110751fdd\"><\/div>\n<\/div>\n<\/div>\n","protected":false},"excerpt":{"rendered":"<p>O Corinthians anunciou nesta ter\u00e7a-feira a contrata\u00e7\u00e3o do meia Mateus Vital, que era do Vasco. O jogador de 19 anos assinou v\u00ednculo com o Tim\u00e3o&hellip; <\/p>\n","protected":false},"author":2,"featured_media":37711,"comment_status":"closed","ping_status":"closed","sticky":false,"template":"","format":"standard","meta":{"sfsi_plus_gutenberg_text_before_share":"","sfsi_plus_gutenberg_show_text_before_share":"","sfsi_plus_gutenberg_icon_type":"","sfsi_plus_gutenberg_icon_alignemt":"","sfsi_plus_gutenburg_max_per_row":"","footnotes":""},"categories":[13],"tags":[],"class_list":["post-37710","post","type-post","status-publish","format-standard","has-post-thumbnail","hentry","category-esportes"],"_links":{"self":[{"href":"https:\/\/www.caririemacao.com\/1\/wp-json\/wp\/v2\/posts\/37710","targetHints":{"allow":["GET"]}}],"collection":[{"href":"https:\/\/www.caririemacao.com\/1\/wp-json\/wp\/v2\/posts"}],"about":[{"href":"https:\/\/www.caririemacao.com\/1\/wp-json\/wp\/v2\/types\/post"}],"author":[{"embeddable":true,"href":"https:\/\/www.caririemacao.com\/1\/wp-json\/wp\/v2\/users\/2"}],"replies":[{"embeddable":true,"href":"https:\/\/www.caririemacao.com\/1\/wp-json\/wp\/v2\/comments?post=37710"}],"version-history":[{"count":0,"href":"https:\/\/www.caririemacao.com\/1\/wp-json\/wp\/v2\/posts\/37710\/revisions"}],"wp:featuredmedia":[{"embeddable":true,"href":"https:\/\/www.caririemacao.com\/1\/wp-json\/wp\/v2\/media\/37711"}],"wp:attachment":[{"href":"https:\/\/www.caririemacao.com\/1\/wp-json\/wp\/v2\/media?parent=37710"}],"wp:term":[{"taxonomy":"category","embeddable":true,"href":"https:\/\/www.caririemacao.com\/1\/wp-json\/wp\/v2\/categories?post=37710"},{"taxonomy":"post_tag","embeddable":true,"href":"https:\/\/www.caririemacao.com\/1\/wp-json\/wp\/v2\/tags?post=37710"}],"curies":[{"name":"wp","href":"https:\/\/api.w.org\/{rel}","templated":true}]}}