{"id":37713,"date":"2018-01-17T08:04:28","date_gmt":"2018-01-17T11:04:28","guid":{"rendered":"http:\/\/caririemacao.com\/1\/?p=37713"},"modified":"2018-01-17T08:04:28","modified_gmt":"2018-01-17T11:04:28","slug":"pis-pasep-pagamento-do-da-setima-etapa-do-abono-comeca-hoje","status":"publish","type":"post","link":"https:\/\/www.caririemacao.com\/1\/2018\/01\/17\/pis-pasep-pagamento-do-da-setima-etapa-do-abono-comeca-hoje\/","title":{"rendered":"PIS\/Pasep: Pagamento do da s\u00e9tima etapa do abono come\u00e7a hoje"},"content":{"rendered":"<p>O pagamento do\u00a0abono salarial do\u00a0PIS\u00a0e do\u00a0come\u00e7a nesta quarta-feira para os trabalhadores nascidos em janeiro e fevereiro. Os recursos do\u00a0Pasep\u00a0ser\u00e3o liberados para servidores com final de matr\u00edcula 5.\u00a0O abono vai de 80 reais a um sal\u00e1rio m\u00ednimo (954 reais), dependendo do per\u00edodo trabalhado em 2016 \u2013 ano-base do calend\u00e1rio de pagamento.<\/p>\n<p>Para ter direito ao benef\u00edcio, \u00e9 necess\u00e1rio ter trabalhado com carteira assinada ao menos 30 dias durante 2016, consecutivos ou n\u00e3o, e ter recebido remunera\u00e7\u00e3o mensal m\u00e9dia de at\u00e9 dois sal\u00e1rios m\u00ednimos \u00e0 \u00e9poca (1.760 reais). Tamb\u00e9m \u00e9 preciso estar cadastrado no programa h\u00e1 pelo menos cinco anos e o empregador deve ter informado seus dados corretamente na\u00a0Rela\u00e7\u00e3o Anual de Informa\u00e7\u00f5es Sociais (RAIS).<\/p>\n<p>O PIS, programa para trabalhadores da iniciativa privada, poder\u00e1 ser retirado na Caixa, enquanto o Pasep, destinado aos funcion\u00e1rios p\u00fablicos, ser\u00e1 pago no Banco do Brasil.<\/p>\n<p>O Minist\u00e9rio do Trabalho calcula que ser\u00e3o liberados 2.67 bilh\u00f5es de reais nesta etapa, para quase 3,6 milh\u00f5es de trabalhadores. A etapa referente a 2016 come\u00e7ou a ser paga em julho \u2013 para nascidos entre julho e dezembro \u2013\u00a0 e os recursos estar\u00e3o dispon\u00edveis at\u00e9 29 de junho de 2018. Ainda h\u00e1\u00a09,8 bilh\u00f5es de reais que n\u00e3o foram sacados, segundo a Pasta.<\/p>\n<div class=\"widget-news widget-box no-margin no-border\">\n<p>Depois do pagamento que come\u00e7a nesta semana, outros dois lotes ainda ser\u00e3o pagos aos trabalhadores. No dia 22 de fevereiro, come\u00e7am a ser liberados os recursos para quem nasceu em mar\u00e7o e abril, al\u00e9m de servidores com inscri\u00e7\u00f5es de finais 6 e 7. J\u00e1 em 15 de mar\u00e7o, come\u00e7a a receber quem faz anivers\u00e1rio em maio e junho, e servidores com inscri\u00e7\u00f5es com final 8 e 9.<\/p>\n<h3>Como sacar o PIS<\/h3>\n<p>O pagamento do abono salarial pode ser realizado de tr\u00eas maneiras. A primeira por cr\u00e9dito em conta, quado o trabalhador possui conta-corrente ou poupan\u00e7a na Caixa Econ\u00f4mica Federal.<\/p>\n<p>Para os n\u00e3o-correntistas, \u00e9 poss\u00edvel resgatar o benef\u00edcio utilizando o Cart\u00e3o do Cidad\u00e3o nos caixas eletr\u00f4nicos da Caixa e nos Correspondentes Caixa Aqui.<\/p>\n<p>Se preferir, o trabalhador pode ir at\u00e9 uma ag\u00eancia com um documento de identifica\u00e7\u00e3o e o n\u00famero do PIS.<\/p>\n<p><strong>CARIRI EM A\u00c7\u00c3O<\/strong><\/p>\n<p><em>Com VEJA\/Foto: Reprodu\u00e7\u00e3o Internet<\/em><\/p>\n<p><strong>Leia mais not\u00edcias em\u00a0<\/strong><a href=\"http:\/\/www.caririemacao.com\/\"><strong>caririemacao.com<\/strong><\/a><strong>, siga nossa p\u00e1gina no\u00a0<\/strong><a href=\"https:\/\/www.facebook.com\/CaririEmAcao\/?ref=aymt_homepage_panel\"><strong>Facebook<\/strong><\/a>,<strong>\u00a0<\/strong><a href=\"https:\/\/www.instagram.com\/cariri_em_acao\/?hl=pt-br\"><strong>Instagram<\/strong><\/a><strong>\u00a0e <\/strong><a href=\"https:\/\/www.youtube.com\/channel\/UCAptA0jQuYQy8vMhLt2m4qg\"><strong>Youtube<\/strong><\/a><strong>\u00a0e veja nossas mat\u00e9rias, v\u00eddeos e fotos. Voc\u00ea tamb\u00e9m pode enviar informa\u00e7\u00f5es \u00e0 Reda\u00e7\u00e3o do Portal Cariri em A\u00e7\u00e3o pelo WhatsApp (83) 9 9634.5791, (83) 9 9601-1162.<\/strong><\/p>\n<\/div>\n","protected":false},"excerpt":{"rendered":"<p>O pagamento do\u00a0abono salarial do\u00a0PIS\u00a0e do\u00a0come\u00e7a nesta quarta-feira para os trabalhadores nascidos em janeiro e fevereiro. Os recursos do\u00a0Pasep\u00a0ser\u00e3o liberados para servidores com final de&hellip; <\/p>\n","protected":false},"author":2,"featured_media":36650,"comment_status":"closed","ping_status":"closed","sticky":false,"template":"","format":"standard","meta":{"sfsi_plus_gutenberg_text_before_share":"","sfsi_plus_gutenberg_show_text_before_share":"","sfsi_plus_gutenberg_icon_type":"","sfsi_plus_gutenberg_icon_alignemt":"","sfsi_plus_gutenburg_max_per_row":"","footnotes":""},"categories":[2],"tags":[],"class_list":["post-37713","post","type-post","status-publish","format-standard","has-post-thumbnail","hentry","category-geral"],"_links":{"self":[{"href":"https:\/\/www.caririemacao.com\/1\/wp-json\/wp\/v2\/posts\/37713","targetHints":{"allow":["GET"]}}],"collection":[{"href":"https:\/\/www.caririemacao.com\/1\/wp-json\/wp\/v2\/posts"}],"about":[{"href":"https:\/\/www.caririemacao.com\/1\/wp-json\/wp\/v2\/types\/post"}],"author":[{"embeddable":true,"href":"https:\/\/www.caririemacao.com\/1\/wp-json\/wp\/v2\/users\/2"}],"replies":[{"embeddable":true,"href":"https:\/\/www.caririemacao.com\/1\/wp-json\/wp\/v2\/comments?post=37713"}],"version-history":[{"count":0,"href":"https:\/\/www.caririemacao.com\/1\/wp-json\/wp\/v2\/posts\/37713\/revisions"}],"wp:featuredmedia":[{"embeddable":true,"href":"https:\/\/www.caririemacao.com\/1\/wp-json\/wp\/v2\/media\/36650"}],"wp:attachment":[{"href":"https:\/\/www.caririemacao.com\/1\/wp-json\/wp\/v2\/media?parent=37713"}],"wp:term":[{"taxonomy":"category","embeddable":true,"href":"https:\/\/www.caririemacao.com\/1\/wp-json\/wp\/v2\/categories?post=37713"},{"taxonomy":"post_tag","embeddable":true,"href":"https:\/\/www.caririemacao.com\/1\/wp-json\/wp\/v2\/tags?post=37713"}],"curies":[{"name":"wp","href":"https:\/\/api.w.org\/{rel}","templated":true}]}}