{"id":37718,"date":"2018-01-17T08:16:16","date_gmt":"2018-01-17T11:16:16","guid":{"rendered":"http:\/\/caririemacao.com\/1\/?p=37718"},"modified":"2018-01-17T08:16:16","modified_gmt":"2018-01-17T11:16:16","slug":"divulgado-resultado-preliminar-da-prova-de-titulos-do-concurso-da-educacao-da-pb","status":"publish","type":"post","link":"https:\/\/www.caririemacao.com\/1\/2018\/01\/17\/divulgado-resultado-preliminar-da-prova-de-titulos-do-concurso-da-educacao-da-pb\/","title":{"rendered":"Divulgado resultado preliminar da prova de t\u00edtulos do concurso da Educa\u00e7\u00e3o da PB"},"content":{"rendered":"<p class=\"post-title\">A lista preliminar com o resultado da an\u00e1lise de t\u00edtulos dos candidatos aprovados na primeira fase do concurso para professor da rede estadual de ensino na Para\u00edba foi divulgada\u00a0<a style=\"font-size: 16px;\" href=\"http:\/\/static.paraiba.pb.gov.br\/2018\/01\/Diario-Oficial-17-01-2018.pdf\">no Di\u00e1rio Oficial do Estado (DOE) desta quarta-feira (17)<\/a><span style=\"font-size: 16px;\">. O resultado da an\u00e1lise dos t\u00edtulos consta a partir da p\u00e1gina 10 do DOE. O resultado final do certame, assim como o resultado dos pedidos de revis\u00e3o da prova de t\u00edtulos est\u00e1 previsto para ser divulgado no dia 26 de janeiro.<\/span><\/p>\n<div class=\"content-format-standard\">\n<p>O prazo para revis\u00e3o do resultado preliminar da prova de t\u00edtulos come\u00e7a nesta quinta-feira (18) e vai at\u00e9 a sexta (19). A prova aconteceu no dia 3 de dezembro, para mais de 28 mil inscritos, nas cidades sede das 14 Ger\u00eancias Regionais de Educa\u00e7\u00e3o. O concurso ofereceu 1 mil vagas para professor.<\/p>\n<p>O resultado preliminar da prova de t\u00edtulos cont\u00e9m os nomes os candidatos aprovadas nas provas objetivas ap\u00f3s a an\u00e1lise dos pedidos de revis\u00e3o da lista preliminar. Segundo o edital, os candidatos eliminados na prova objetiva podem consultar a pontua\u00e7\u00e3o individual em um espa\u00e7o dispon\u00edvel no site da organizadora.<\/p>\n<p>As vagas do concurso s\u00e3o para 12 disciplinas do ensino m\u00e9dio e est\u00e3o distribu\u00eddas nas 14 Ger\u00eancias Regionais de Educa\u00e7\u00e3o. O vencimento previsto pelo edital \u00e9 de R$ 1.896,51 para uma carga hor\u00e1ria de 30 horas semanais.<\/p>\n<p><strong>CARIRI EM A\u00c7\u00c3O<\/strong><\/p>\n<p><em>Com J<\/em><em>ornal da Para\u00edba\u00a0\/Foto: Reprodu\u00e7\u00e3o Internet<\/em><\/p>\n<p><strong>Leia mais not\u00edcias em\u00a0<\/strong><a href=\"http:\/\/www.caririemacao.com\/\"><strong>caririemacao.com<\/strong><\/a><strong>, siga nossa p\u00e1gina no\u00a0<\/strong><a href=\"https:\/\/www.facebook.com\/CaririEmAcao\/?ref=aymt_homepage_panel\"><strong>Facebook<\/strong><\/a>,<strong>\u00a0<\/strong><a href=\"https:\/\/www.instagram.com\/cariri_em_acao\/?hl=pt-br\"><strong>Instagram<\/strong><\/a><strong>\u00a0e <\/strong><a href=\"https:\/\/www.youtube.com\/channel\/UCAptA0jQuYQy8vMhLt2m4qg\"><strong>Youtube<\/strong><\/a><strong>\u00a0e veja nossas mat\u00e9rias, v\u00eddeos e fotos. Voc\u00ea tamb\u00e9m pode enviar informa\u00e7\u00f5es \u00e0 Reda\u00e7\u00e3o do Portal Cariri em A\u00e7\u00e3o pelo WhatsApp (83) 9 9634.5791, (83) 9 9601-1162.<\/strong><\/p>\n<\/div>\n","protected":false},"excerpt":{"rendered":"<p>A lista preliminar com o resultado da an\u00e1lise de t\u00edtulos dos candidatos aprovados na primeira fase do concurso para professor da rede estadual de ensino&hellip; <\/p>\n","protected":false},"author":2,"featured_media":8207,"comment_status":"closed","ping_status":"closed","sticky":false,"template":"","format":"standard","meta":{"sfsi_plus_gutenberg_text_before_share":"","sfsi_plus_gutenberg_show_text_before_share":"","sfsi_plus_gutenberg_icon_type":"","sfsi_plus_gutenberg_icon_alignemt":"","sfsi_plus_gutenburg_max_per_row":"","footnotes":""},"categories":[14],"tags":[],"class_list":["post-37718","post","type-post","status-publish","format-standard","has-post-thumbnail","hentry","category-educacao"],"_links":{"self":[{"href":"https:\/\/www.caririemacao.com\/1\/wp-json\/wp\/v2\/posts\/37718","targetHints":{"allow":["GET"]}}],"collection":[{"href":"https:\/\/www.caririemacao.com\/1\/wp-json\/wp\/v2\/posts"}],"about":[{"href":"https:\/\/www.caririemacao.com\/1\/wp-json\/wp\/v2\/types\/post"}],"author":[{"embeddable":true,"href":"https:\/\/www.caririemacao.com\/1\/wp-json\/wp\/v2\/users\/2"}],"replies":[{"embeddable":true,"href":"https:\/\/www.caririemacao.com\/1\/wp-json\/wp\/v2\/comments?post=37718"}],"version-history":[{"count":0,"href":"https:\/\/www.caririemacao.com\/1\/wp-json\/wp\/v2\/posts\/37718\/revisions"}],"wp:featuredmedia":[{"embeddable":true,"href":"https:\/\/www.caririemacao.com\/1\/wp-json\/wp\/v2\/media\/8207"}],"wp:attachment":[{"href":"https:\/\/www.caririemacao.com\/1\/wp-json\/wp\/v2\/media?parent=37718"}],"wp:term":[{"taxonomy":"category","embeddable":true,"href":"https:\/\/www.caririemacao.com\/1\/wp-json\/wp\/v2\/categories?post=37718"},{"taxonomy":"post_tag","embeddable":true,"href":"https:\/\/www.caririemacao.com\/1\/wp-json\/wp\/v2\/tags?post=37718"}],"curies":[{"name":"wp","href":"https:\/\/api.w.org\/{rel}","templated":true}]}}