{"id":37720,"date":"2018-01-17T08:23:21","date_gmt":"2018-01-17T11:23:21","guid":{"rendered":"http:\/\/caririemacao.com\/1\/?p=37720"},"modified":"2018-01-17T08:23:21","modified_gmt":"2018-01-17T11:23:21","slug":"azevedo-desafia-cartaxo-e-romero-para-assumirem-ainda-este-mes-que-deixarao-as-prefeituras","status":"publish","type":"post","link":"https:\/\/www.caririemacao.com\/1\/2018\/01\/17\/azevedo-desafia-cartaxo-e-romero-para-assumirem-ainda-este-mes-que-deixarao-as-prefeituras\/","title":{"rendered":"Azev\u00eado desafia Cartaxo e Romero para assumirem ainda este m\u00eas que deixar\u00e3o as prefeituras"},"content":{"rendered":"<p>O secret\u00e1rio de Estado da Infraestrutura, Recursos H\u00eddricos, Meio Ambiente, Ci\u00eancia e Tecnologia, Jo\u00e3o Azev\u00eado, desafiou os prefeitos de Jo\u00e3o Pessoa Luciano Cartaxo (PSD) e Romero Rodrigues (PSDB) para que digam ainda este m\u00eas se v\u00e3o deixar seus cargos para disputarem o Governo do Estado. Ao menos para ele uma coisa est\u00e1 certa: vai se desincompatibilizar\u00a0em abril da secretaria para ser o candidato a governador pelo PSB. As declara\u00e7\u00f5es foram dadas durante entrevista, na tarde desta ter\u00e7a-feira (16), no programa R\u00e1dio Verdade, da Arapuan FM.<\/p>\n<p>\u201cO PSB vai completar o oitavo ano como Governo do Estado e n\u00e3o apresentar a cabe\u00e7a de chapa, isso seria um contrassenso. Entre 31 de mar\u00e7o a 7 de abril, eu estarei fora da Secretaria, me desincompatibilizando, colocando o nome \u00e0 disposi\u00e7\u00e3o do partido. Espero que a partir do dia 5 de agosto, o nome \u00e0 disposi\u00e7\u00e3o para popula\u00e7\u00e3o representando um projeto que n\u00f3s constru\u00edmos nos \u00faltimos anos. N\u00e3o tenha d\u00favida nenhuma do que eu estou dizendo. Este \u00e9 o meu cronograma e ser\u00e1 isto que vai acontecer. Eu n\u00e3o sei se outros que se dizem pretensos candidatos tem condi\u00e7\u00e3o hoje de dizer que no dia 7 de abril estar\u00e1 fora das suas prefeituras. Eu n\u00e3o acho que tenham condi\u00e7\u00e3o ou coragem para assumir isso agora\u201d, alegou.<\/p>\n<p>De acordo com Jo\u00e3o, o desd\u00e9m da oposi\u00e7\u00e3o para com sua pr\u00e9-candidatura apenas \u00e9 uma maneira de mascarar a dificuldade deles formarem uma chapa. \u201cPelas avalia\u00e7\u00f5es internas que o partido est\u00e1 fazendo, talvez a caminhada tenha sido muito maior do que as pessoas esperavam e talvez isso esteja preocupando outras pessoas\u00a0 que est\u00e3o a\u00ed sem defini\u00e7\u00e3o alguma. Esse processo come\u00e7ou h\u00e1 algum tempo atr\u00e1s e que se dizia que o governo n\u00e3o teria nem nome para colocar. Depois o governo apresentou o nome e foi inclusive ratificado pelo congresso que teve pelo partido, e depois a oposi\u00e7\u00e3o passa a levantar que ser\u00e1 que est\u00e1 caminhando ou ser\u00e1 que n\u00e3o est\u00e1. Eu acho exatamente os n\u00fameros que foram apresentados em v\u00e1rias pesquisas no Curimata\u00fa, no Agreste e outras regi\u00f5es que come\u00e7aram a preocupar estas pessoas. Eu n\u00e3o tenho preocupa\u00e7\u00e3o com o lado de l\u00e1 porque eu acho que eles t\u00eam problemas demais, principalmente de formar uma chapa. O n\u00fameros que n\u00f3s temos, gra\u00e7as a Deus, nos d\u00e1 muita confian\u00e7a\u201d, explanou.<\/p>\n<p>Jo\u00e3o ainda comentou sobre a reuni\u00e3o com o deputado federal Veneziano Vital do R\u00eago, ainda filiado ao MDB, e garantiu que quer t\u00ea-lo na chapa majorit\u00e1ria. \u201cTivemos uma conversa bastante agrad\u00e1vel com Veneziano no sentido de analisarmos a possibilidade dele vir a compor a chapa, em uma das vagas para o Senado. L\u00f3gico que essa n\u00e3o \u00e9 uma decis\u00e3o de uma reuni\u00e3o, de um encontro. O deputado entendeu qual era a proposta, se sente motivado, mas tudo isso passar por conversas em suas bases e isso \u00e9 o que ele est\u00e1 fazendo agora. N\u00f3s esperamos que a resposta seja positiva at\u00e9 porque, pela hist\u00f3ria de Veneziano, teria muito a contribuir para a forma\u00e7\u00e3o dessa chapa\u201d, declarou.<\/p>\n<p><strong>CARIRI EM A\u00c7\u00c3O<\/strong><\/p>\n<p><em>Com blog do gordinho\/Foto: Reprodu\u00e7\u00e3o Internet<\/em><\/p>\n<p><strong>Leia mais not\u00edcias em\u00a0<\/strong><a href=\"http:\/\/www.caririemacao.com\/\"><strong>caririemacao.com<\/strong><\/a><strong>, siga nossa p\u00e1gina no\u00a0<\/strong><a href=\"https:\/\/www.facebook.com\/CaririEmAcao\/?ref=aymt_homepage_panel\"><strong>Facebook<\/strong><\/a>,<strong>\u00a0<\/strong><a href=\"https:\/\/www.instagram.com\/cariri_em_acao\/?hl=pt-br\"><strong>Instagram<\/strong><\/a><strong>\u00a0e <\/strong><a href=\"https:\/\/www.youtube.com\/channel\/UCAptA0jQuYQy8vMhLt2m4qg\"><strong>Youtube<\/strong><\/a><strong>\u00a0e veja nossas mat\u00e9rias, v\u00eddeos e fotos. Voc\u00ea tamb\u00e9m pode enviar informa\u00e7\u00f5es \u00e0 Reda\u00e7\u00e3o do Portal Cariri em A\u00e7\u00e3o pelo WhatsApp (83) 9 9634.5791, (83) 9 9601-1162.<\/strong><\/p>\n","protected":false},"excerpt":{"rendered":"<p>O secret\u00e1rio de Estado da Infraestrutura, Recursos H\u00eddricos, Meio Ambiente, Ci\u00eancia e Tecnologia, Jo\u00e3o Azev\u00eado, desafiou os prefeitos de Jo\u00e3o Pessoa Luciano Cartaxo (PSD) e&hellip; <\/p>\n","protected":false},"author":2,"featured_media":37721,"comment_status":"closed","ping_status":"closed","sticky":false,"template":"","format":"standard","meta":{"sfsi_plus_gutenberg_text_before_share":"","sfsi_plus_gutenberg_show_text_before_share":"","sfsi_plus_gutenberg_icon_type":"","sfsi_plus_gutenberg_icon_alignemt":"","sfsi_plus_gutenburg_max_per_row":"","footnotes":""},"categories":[1],"tags":[],"class_list":["post-37720","post","type-post","status-publish","format-standard","has-post-thumbnail","hentry","category-o-site"],"_links":{"self":[{"href":"https:\/\/www.caririemacao.com\/1\/wp-json\/wp\/v2\/posts\/37720","targetHints":{"allow":["GET"]}}],"collection":[{"href":"https:\/\/www.caririemacao.com\/1\/wp-json\/wp\/v2\/posts"}],"about":[{"href":"https:\/\/www.caririemacao.com\/1\/wp-json\/wp\/v2\/types\/post"}],"author":[{"embeddable":true,"href":"https:\/\/www.caririemacao.com\/1\/wp-json\/wp\/v2\/users\/2"}],"replies":[{"embeddable":true,"href":"https:\/\/www.caririemacao.com\/1\/wp-json\/wp\/v2\/comments?post=37720"}],"version-history":[{"count":0,"href":"https:\/\/www.caririemacao.com\/1\/wp-json\/wp\/v2\/posts\/37720\/revisions"}],"wp:featuredmedia":[{"embeddable":true,"href":"https:\/\/www.caririemacao.com\/1\/wp-json\/wp\/v2\/media\/37721"}],"wp:attachment":[{"href":"https:\/\/www.caririemacao.com\/1\/wp-json\/wp\/v2\/media?parent=37720"}],"wp:term":[{"taxonomy":"category","embeddable":true,"href":"https:\/\/www.caririemacao.com\/1\/wp-json\/wp\/v2\/categories?post=37720"},{"taxonomy":"post_tag","embeddable":true,"href":"https:\/\/www.caririemacao.com\/1\/wp-json\/wp\/v2\/tags?post=37720"}],"curies":[{"name":"wp","href":"https:\/\/api.w.org\/{rel}","templated":true}]}}