{"id":37726,"date":"2018-01-17T08:57:36","date_gmt":"2018-01-17T11:57:36","guid":{"rendered":"http:\/\/caririemacao.com\/1\/?p=37726"},"modified":"2018-01-17T08:57:36","modified_gmt":"2018-01-17T11:57:36","slug":"escola-do-legislativo-inscreve-para-cursinho-do-enem","status":"publish","type":"post","link":"https:\/\/www.caririemacao.com\/1\/2018\/01\/17\/escola-do-legislativo-inscreve-para-cursinho-do-enem\/","title":{"rendered":"Escola do Legislativo inscreve para cursinho do Enem"},"content":{"rendered":"<p>A Escola do Legislativo da Para\u00edba recebe, nesta quarta-feira (17), das 8h \u00e0s 17h, as inscri\u00e7\u00f5es dos candidatos do Processo Seletivo para o cursinho preparat\u00f3rio ao Exame Nacional do Ensino M\u00e9dio (Enem). Poder\u00e3o participar os servidores da Assembleia Legislativa, dependentes e estudantes que conclu\u00edram o ensino m\u00e9dio na rede p\u00fablica ou privada.<\/p>\n<p>Para se inscrever, o candidato deve levar o requerimento de inscri\u00e7\u00e3o, question\u00e1rio socioecon\u00f4mico e documenta\u00e7\u00e3o comprobat\u00f3ria (RG, CPF, comprovante de resid\u00eancia, hist\u00f3rico escolar, certificado ou declara\u00e7\u00e3o de conclus\u00e3o do ensino m\u00e9dio, foto 3\u00d74) e para servidores e dependentes demonstrativo de pagamento com matr\u00edcula e setor ao qual est\u00e1 lotado.<\/p>\n<p>O processo seletivo ser\u00e1 realizado em duas etapas, a primeira pela an\u00e1lise dos pedidos de inscri\u00e7\u00e3o e documenta\u00e7\u00e3o comprobat\u00f3ria. E a segunda pela prova objetiva composta por um total de 30 quest\u00f5es, sendo (10) Portugu\u00eas, (8) Matem\u00e1tica e (12) Ci\u00eancias Humanas que acontece no dia 5 de fevereiro em dois hor\u00e1rios: das 09h \u00e0s 12h e das 14h \u00e0s 17h.<\/p>\n<p><strong>CARIRI EM A\u00c7\u00c3O<\/strong><\/p>\n<p><em>Com Portal Correio\/Foto: Divulga\u00e7\u00e3o\u00a0<\/em><\/p>\n<p><strong>Leia mais not\u00edcias em\u00a0<\/strong><a href=\"http:\/\/www.caririemacao.com\/\"><strong>caririemacao.com<\/strong><\/a><strong>, siga nossa p\u00e1gina no\u00a0<\/strong><a href=\"https:\/\/www.facebook.com\/CaririEmAcao\/?ref=aymt_homepage_panel\"><strong>Facebook<\/strong><\/a>,<strong>\u00a0<\/strong><a href=\"https:\/\/www.instagram.com\/cariri_em_acao\/?hl=pt-br\"><strong>Instagram<\/strong><\/a><strong>\u00a0e <\/strong><a href=\"https:\/\/www.youtube.com\/channel\/UCAptA0jQuYQy8vMhLt2m4qg\"><strong>Youtube<\/strong><\/a><strong>\u00a0e veja nossas mat\u00e9rias, v\u00eddeos e fotos. Voc\u00ea tamb\u00e9m pode enviar informa\u00e7\u00f5es \u00e0 Reda\u00e7\u00e3o do Portal Cariri em A\u00e7\u00e3o pelo WhatsApp (83) 9 9634.5791, (83) 9 9601-1162.<\/strong><\/p>\n","protected":false},"excerpt":{"rendered":"<p>A Escola do Legislativo da Para\u00edba recebe, nesta quarta-feira (17), das 8h \u00e0s 17h, as inscri\u00e7\u00f5es dos candidatos do Processo Seletivo para o cursinho preparat\u00f3rio&hellip; <\/p>\n","protected":false},"author":2,"featured_media":37727,"comment_status":"closed","ping_status":"closed","sticky":false,"template":"","format":"standard","meta":{"sfsi_plus_gutenberg_text_before_share":"","sfsi_plus_gutenberg_show_text_before_share":"","sfsi_plus_gutenberg_icon_type":"","sfsi_plus_gutenberg_icon_alignemt":"","sfsi_plus_gutenburg_max_per_row":"","footnotes":""},"categories":[14],"tags":[],"class_list":["post-37726","post","type-post","status-publish","format-standard","has-post-thumbnail","hentry","category-educacao"],"_links":{"self":[{"href":"https:\/\/www.caririemacao.com\/1\/wp-json\/wp\/v2\/posts\/37726","targetHints":{"allow":["GET"]}}],"collection":[{"href":"https:\/\/www.caririemacao.com\/1\/wp-json\/wp\/v2\/posts"}],"about":[{"href":"https:\/\/www.caririemacao.com\/1\/wp-json\/wp\/v2\/types\/post"}],"author":[{"embeddable":true,"href":"https:\/\/www.caririemacao.com\/1\/wp-json\/wp\/v2\/users\/2"}],"replies":[{"embeddable":true,"href":"https:\/\/www.caririemacao.com\/1\/wp-json\/wp\/v2\/comments?post=37726"}],"version-history":[{"count":0,"href":"https:\/\/www.caririemacao.com\/1\/wp-json\/wp\/v2\/posts\/37726\/revisions"}],"wp:featuredmedia":[{"embeddable":true,"href":"https:\/\/www.caririemacao.com\/1\/wp-json\/wp\/v2\/media\/37727"}],"wp:attachment":[{"href":"https:\/\/www.caririemacao.com\/1\/wp-json\/wp\/v2\/media?parent=37726"}],"wp:term":[{"taxonomy":"category","embeddable":true,"href":"https:\/\/www.caririemacao.com\/1\/wp-json\/wp\/v2\/categories?post=37726"},{"taxonomy":"post_tag","embeddable":true,"href":"https:\/\/www.caririemacao.com\/1\/wp-json\/wp\/v2\/tags?post=37726"}],"curies":[{"name":"wp","href":"https:\/\/api.w.org\/{rel}","templated":true}]}}