{"id":37729,"date":"2018-01-17T09:08:59","date_gmt":"2018-01-17T12:08:59","guid":{"rendered":"http:\/\/caririemacao.com\/1\/?p=37729"},"modified":"2018-01-17T09:08:59","modified_gmt":"2018-01-17T12:08:59","slug":"aspol-pb-formaliza-denuncia-contra-nao-recebimento-de-coletes-balisticos-vencidos-pela-gerencia-de-armas-e-municoes-do-estado","status":"publish","type":"post","link":"https:\/\/www.caririemacao.com\/1\/2018\/01\/17\/aspol-pb-formaliza-denuncia-contra-nao-recebimento-de-coletes-balisticos-vencidos-pela-gerencia-de-armas-e-municoes-do-estado\/","title":{"rendered":"ASPOL\/PB formaliza den\u00fancia contra n\u00e3o recebimento de coletes bal\u00edsticos vencidos pela Ger\u00eancia de Armas e Muni\u00e7\u00f5es do Estado"},"content":{"rendered":"<div class=\"ol-content-desc\">\n<p>A presidente da Associa\u00e7\u00e3o dos Policiais Civis de Carreira da Para\u00edba &#8211; ASPOL\/PB, Suana Melo, esteve nesta ter\u00e7a-feira (16) na sede do Minist\u00e9rio P\u00fablico do Trabalho, onde formalizou den\u00fancia contra a Ger\u00eancia de Armas e Muni\u00e7\u00f5es, da Secretaria de Seguran\u00e7a do Estado, que se recusa em receber os coletes vencidos, devolvidos pelos policiais civis.<\/p>\n<p>Suana informa que os policiais est\u00e3o se dirigindo \u00e0 Ger\u00eancia de Armas para devolu\u00e7\u00e3o do equipamento, por\u00e9m, a informa\u00e7\u00f5es das servidoras \u00e9 de que o gerente do setor, o delegado Carlos Alberto, orientou que a entrega dos coletes seja feita aos delegados regionais ou seccionais. Por\u00e9m, quando os policiais se dirigem a estes servidores, eles t\u00eam se negado a receber, informando que a devolu\u00e7\u00e3o deve ser na Ger\u00eancia de Armas e Muni\u00e7\u00f5es da Secretaria de Seguran\u00e7a.<\/p>\n<p>\u201cA recusa da Ger\u00eancia de Armas demonstra enorme desorganiza\u00e7\u00e3o da gest\u00e3o de alguns delegados, como tamb\u00e9m falta de profissionalismo ao querer se eximir da responsabilidade de receber os coletes, desrespeitando os policiais. J\u00e1 comunicamos o fato ao Secret\u00e1rio de Seguran\u00e7a, Cl\u00e1udio Lima\u201d, disse Suana Melo.<\/p>\n<\/div>\n<div class=\"ol-content-category-s\"><strong>CARIRI EM A\u00c7\u00c3O<\/strong><\/div>\n<div>\n<p><em>Com Rep\u00f3rter PB\/Foto: Reprodu\u00e7\u00e3o Internet<\/em><\/p>\n<p><strong>Leia mais not\u00edcias em\u00a0<\/strong><a href=\"http:\/\/www.caririemacao.com\/\"><strong>caririemacao.com<\/strong><\/a><strong>, siga nossa p\u00e1gina no\u00a0<\/strong><a href=\"https:\/\/www.facebook.com\/CaririEmAcao\/?ref=aymt_homepage_panel\"><strong>Facebook<\/strong><\/a>,<strong>\u00a0<\/strong><a href=\"https:\/\/www.instagram.com\/cariri_em_acao\/?hl=pt-br\"><strong>Instagram<\/strong><\/a><strong>\u00a0e <\/strong><a href=\"https:\/\/www.youtube.com\/channel\/UCAptA0jQuYQy8vMhLt2m4qg\"><strong>Youtube<\/strong><\/a><strong>\u00a0e veja nossas mat\u00e9rias, v\u00eddeos e fotos. Voc\u00ea tamb\u00e9m pode enviar informa\u00e7\u00f5es \u00e0 Reda\u00e7\u00e3o do Portal Cariri em A\u00e7\u00e3o pelo WhatsApp (83) 9 9634.5791, (83) 9 9601-1162.<\/strong><\/p>\n<\/div>\n","protected":false},"excerpt":{"rendered":"<p>A presidente da Associa\u00e7\u00e3o dos Policiais Civis de Carreira da Para\u00edba &#8211; ASPOL\/PB, Suana Melo, esteve nesta ter\u00e7a-feira (16) na sede do Minist\u00e9rio P\u00fablico do&hellip; <\/p>\n","protected":false},"author":2,"featured_media":37730,"comment_status":"closed","ping_status":"closed","sticky":false,"template":"","format":"standard","meta":{"sfsi_plus_gutenberg_text_before_share":"","sfsi_plus_gutenberg_show_text_before_share":"","sfsi_plus_gutenberg_icon_type":"","sfsi_plus_gutenberg_icon_alignemt":"","sfsi_plus_gutenburg_max_per_row":"","footnotes":""},"categories":[2],"tags":[],"class_list":["post-37729","post","type-post","status-publish","format-standard","has-post-thumbnail","hentry","category-geral"],"_links":{"self":[{"href":"https:\/\/www.caririemacao.com\/1\/wp-json\/wp\/v2\/posts\/37729","targetHints":{"allow":["GET"]}}],"collection":[{"href":"https:\/\/www.caririemacao.com\/1\/wp-json\/wp\/v2\/posts"}],"about":[{"href":"https:\/\/www.caririemacao.com\/1\/wp-json\/wp\/v2\/types\/post"}],"author":[{"embeddable":true,"href":"https:\/\/www.caririemacao.com\/1\/wp-json\/wp\/v2\/users\/2"}],"replies":[{"embeddable":true,"href":"https:\/\/www.caririemacao.com\/1\/wp-json\/wp\/v2\/comments?post=37729"}],"version-history":[{"count":0,"href":"https:\/\/www.caririemacao.com\/1\/wp-json\/wp\/v2\/posts\/37729\/revisions"}],"wp:featuredmedia":[{"embeddable":true,"href":"https:\/\/www.caririemacao.com\/1\/wp-json\/wp\/v2\/media\/37730"}],"wp:attachment":[{"href":"https:\/\/www.caririemacao.com\/1\/wp-json\/wp\/v2\/media?parent=37729"}],"wp:term":[{"taxonomy":"category","embeddable":true,"href":"https:\/\/www.caririemacao.com\/1\/wp-json\/wp\/v2\/categories?post=37729"},{"taxonomy":"post_tag","embeddable":true,"href":"https:\/\/www.caririemacao.com\/1\/wp-json\/wp\/v2\/tags?post=37729"}],"curies":[{"name":"wp","href":"https:\/\/api.w.org\/{rel}","templated":true}]}}