{"id":37733,"date":"2018-01-17T09:21:34","date_gmt":"2018-01-17T12:21:34","guid":{"rendered":"http:\/\/caririemacao.com\/1\/?p=37733"},"modified":"2018-01-17T09:21:34","modified_gmt":"2018-01-17T12:21:34","slug":"papa-se-reune-com-vitimas-de-padres-pedofilos-no-chile","status":"publish","type":"post","link":"https:\/\/www.caririemacao.com\/1\/2018\/01\/17\/papa-se-reune-com-vitimas-de-padres-pedofilos-no-chile\/","title":{"rendered":"Papa se re\u00fane com v\u00edtimas de padres ped\u00f3filos no Chile"},"content":{"rendered":"<div class=\"ol-content-desc\">\n<p>O papa Francisco se reuniu na tarde desta ter\u00e7a-feira (16) com um grupo de v\u00edtimas de abusos sexuais cometidos por padres, informou o porta-voz do Vaticano, Greg Burke. Segundo o representante, o encontro ocorreu de maneira &#8220;estritamente privada&#8221; ap\u00f3s o almo\u00e7o do Pont\u00edfice dentro da Nunciatura.<\/p>\n<p>&#8220;Ningu\u00e9m al\u00e9m do Papa e das v\u00edtimas estavam presentes no local. Isso porque assim eles puderam contar os seus sofrimentos para o papa Francisco, que os escutou, e rezou, e chorou com eles&#8221;, destacou Burke \u00e0 imprensa na noite de ontem.<\/p>\n<p>Ao ser questionado sobre quem seriam as pessoas recebidas por Jorge Mario Bergoglio, o porta-voz limitou-se a dizer que era um &#8220;pequeno grupo&#8221; e que a conversa com Francisco durou &#8220;cerca de meia hora&#8221;.<\/p>\n<p>Ontem, durante as celebra\u00e7\u00f5es e reuni\u00f5es que teve em seu primeiro dia de visita ao Chile, o sucessor de Bento XVI falou bastante sobre os casos de pedofilia na Igreja Cat\u00f3lica, chegando a pedir &#8220;perd\u00e3o&#8221; pelos crimes.<\/p>\n<p>Isso porque, a institui\u00e7\u00e3o foi bastante abalada no pa\u00eds nos \u00faltimos anos por conta de in\u00fameros relatos de abusos sexuais e casos de pedofilia cometidas por sacerdotes chilenos. Especialmente, antes da visita do Papa, as cr\u00edticas tamb\u00e9m atingiram Francisco por conta da nomea\u00e7\u00e3o do bispo Juan Barros.<\/p>\n<p>Diversas comunidades cat\u00f3licas chilenas acusam Barros de acobertar o maior dos esc\u00e2ndalos de abusos, contra o padre Fernando Karadima. O religioso foi afastados de suas fun\u00e7\u00f5es pelo pr\u00f3prio Vaticano em 2011. Com informa\u00e7\u00f5es da Ansa.<\/p>\n<\/div>\n<div class=\"ol-content-category-s\">\n<p><strong>CARIRI EM A\u00c7\u00c3O<\/strong><\/p>\n<p><em>Com Portal Terra \/Foto: Reprodu\u00e7\u00e3o Internet<\/em><\/p>\n<p><strong>Leia mais not\u00edcias em\u00a0<\/strong><a href=\"http:\/\/www.caririemacao.com\/\"><strong>caririemacao.com<\/strong><\/a><strong>, siga nossa p\u00e1gina no\u00a0<\/strong><a href=\"https:\/\/www.facebook.com\/CaririEmAcao\/?ref=aymt_homepage_panel\"><strong>Facebook<\/strong><\/a>,<strong>\u00a0<\/strong><a href=\"https:\/\/www.instagram.com\/cariri_em_acao\/?hl=pt-br\"><strong>Instagram<\/strong><\/a><strong>\u00a0e <\/strong><a href=\"https:\/\/www.youtube.com\/channel\/UCAptA0jQuYQy8vMhLt2m4qg\"><strong>Youtube<\/strong><\/a><strong>\u00a0e veja nossas mat\u00e9rias, v\u00eddeos e fotos. Voc\u00ea tamb\u00e9m pode enviar informa\u00e7\u00f5es \u00e0 Reda\u00e7\u00e3o do Portal Cariri em A\u00e7\u00e3o pelo WhatsApp (83) 9 9634.5791, (83) 9 9601-1162.<\/strong><\/p>\n<\/div>\n","protected":false},"excerpt":{"rendered":"<p>O papa Francisco se reuniu na tarde desta ter\u00e7a-feira (16) com um grupo de v\u00edtimas de abusos sexuais cometidos por padres, informou o porta-voz do&hellip; <\/p>\n","protected":false},"author":2,"featured_media":2153,"comment_status":"closed","ping_status":"closed","sticky":false,"template":"","format":"standard","meta":{"sfsi_plus_gutenberg_text_before_share":"","sfsi_plus_gutenberg_show_text_before_share":"","sfsi_plus_gutenberg_icon_type":"","sfsi_plus_gutenberg_icon_alignemt":"","sfsi_plus_gutenburg_max_per_row":"","footnotes":""},"categories":[2],"tags":[],"class_list":["post-37733","post","type-post","status-publish","format-standard","has-post-thumbnail","hentry","category-geral"],"_links":{"self":[{"href":"https:\/\/www.caririemacao.com\/1\/wp-json\/wp\/v2\/posts\/37733","targetHints":{"allow":["GET"]}}],"collection":[{"href":"https:\/\/www.caririemacao.com\/1\/wp-json\/wp\/v2\/posts"}],"about":[{"href":"https:\/\/www.caririemacao.com\/1\/wp-json\/wp\/v2\/types\/post"}],"author":[{"embeddable":true,"href":"https:\/\/www.caririemacao.com\/1\/wp-json\/wp\/v2\/users\/2"}],"replies":[{"embeddable":true,"href":"https:\/\/www.caririemacao.com\/1\/wp-json\/wp\/v2\/comments?post=37733"}],"version-history":[{"count":0,"href":"https:\/\/www.caririemacao.com\/1\/wp-json\/wp\/v2\/posts\/37733\/revisions"}],"wp:featuredmedia":[{"embeddable":true,"href":"https:\/\/www.caririemacao.com\/1\/wp-json\/wp\/v2\/media\/2153"}],"wp:attachment":[{"href":"https:\/\/www.caririemacao.com\/1\/wp-json\/wp\/v2\/media?parent=37733"}],"wp:term":[{"taxonomy":"category","embeddable":true,"href":"https:\/\/www.caririemacao.com\/1\/wp-json\/wp\/v2\/categories?post=37733"},{"taxonomy":"post_tag","embeddable":true,"href":"https:\/\/www.caririemacao.com\/1\/wp-json\/wp\/v2\/tags?post=37733"}],"curies":[{"name":"wp","href":"https:\/\/api.w.org\/{rel}","templated":true}]}}