{"id":37735,"date":"2018-01-17T09:25:53","date_gmt":"2018-01-17T12:25:53","guid":{"rendered":"http:\/\/caririemacao.com\/1\/?p=37735"},"modified":"2018-01-17T09:25:53","modified_gmt":"2018-01-17T12:25:53","slug":"exposicao-prolongada-ao-sol-pode-antecipar-catarata-alerta-oftalmologista","status":"publish","type":"post","link":"https:\/\/www.caririemacao.com\/1\/2018\/01\/17\/exposicao-prolongada-ao-sol-pode-antecipar-catarata-alerta-oftalmologista\/","title":{"rendered":"Exposi\u00e7\u00e3o prolongada ao sol pode antecipar catarata, alerta oftalmologista"},"content":{"rendered":"<p>Na esta\u00e7\u00e3o mais quente do ano, a exposi\u00e7\u00e3o prolongada ao sol pode antecipar o surgimento de catarata, que normalmente ocorre com o envelhecimento. De acordo com os especialistas, no ver\u00e3o, as pessoas procuram se proteger dos raios solares, mas acabam esquecendo de cuidar dos olhos. Muitos estudos mostram que os raios Ultra Violetas (UV) podem aumentar o risco de catarata e de outras doen\u00e7as oculares.<\/p>\n<p>Para o oftalmologista do HVIS\u00c3O, membro da Associa\u00e7\u00e3o Americana (ASCRS) e Europeia (ESCRS) de Catarata e Cirurgia Refrativa e da Sociedade Brasileira de Catarata e Refrativa (BRASCRS), Francisco Lobato, a catarata \u00e9 a doen\u00e7a ocular que reduz a efici\u00eancia e transpar\u00eancia do cristalino. \u201cFica atr\u00e1s da \u00edris e da pupila, muda de forma, permitindo que as imagens recebidas se concentrem na retina, que fica na parede posterior do olho. Quando a catarata se forma, as imagens v\u00e3o se tornando cada vez mais dif\u00edceis de serem distinguidas, o contraste e cores ficam comprometidos\u201d, disse o especialista.<\/p>\n<p>\u201cA exposi\u00e7\u00e3o prolongada ao sol favorece a precocidade do estresse oxidativo, rea\u00e7\u00e3o qu\u00edmica que pode ocorrer quando as c\u00e9lulas consomem oxig\u00eanio e outros nutrientes do organismo para produ\u00e7\u00e3o de energia, sendo este, um dos principais contribuintes para o envelhecimento e para as doen\u00e7as relacionadas \u00e0 idade, incluindo a catarata\u201d, explica Francisco Lobato.<\/p>\n<p>Segundo o m\u00e9dico, as c\u00e9lulas do cristalino cont\u00eam \u00e1gua e prote\u00ednas e n\u00e3o possuem as organelas, tipicamente encontradas em outras c\u00e9lulas. \u201cQuando a catarata se forma, as prote\u00ednas das c\u00e9lulas do cristalino mostram sinais de danos oxidativos. Elas espalham a luz, ao inv\u00e9s de transmiti-la. Assim, pode-se dizer que o estresse oxidativo \u00e9 respons\u00e1vel por destruir as prote\u00ednas do cristalino, dando origem \u00e0 catarata\u201d, afirma o oftalmologista.<\/p>\n<p>De acordo com o m\u00e9dico, o uso de \u00f3culos de qualidade, que de fato bloqueiem UVA e UVB (&gt;98%) e chap\u00e9u s\u00e3o medidas preventivas importantes, nesta \u00e9poca do ano. Na alimenta\u00e7\u00e3o, Lobato conta que consumir alimentos\/suplementos ricos em antioxidantes (\u00f4mega-3, zeoxantina, transresveratrol, vitamina C e E, sel\u00eanio, zinco, Carotenoides, cacau, a\u00e7a\u00ed, etc), diminuem o estresse oxidativo.<\/p>\n<p>O oftalmologista alerta que os cuidados com a vis\u00e3o n\u00e3o se restringem apenas \u00e0 \u00e9poca do ver\u00e3o, principalmente para pessoas que moram em localidades onde a incid\u00eancia de raios solares \u00e9 presente quase o ano inteiro.<\/p>\n<p>O tratamento de catarata \u00e9 cir\u00fargico. Com 30 anos de experi\u00eancia em cirurgias de catarata, Francisco Lobato conta que durante o procedimento, retira-se o cristalino e implanta-se uma lente intraocular (LIO) com grau especificamente calculado. Atualmente, existe um m\u00e9todo mais moderno, no qual utiliza-se um aparelho de laser (FLACS = Femtosecond assisted cataract surgery) para a realiza\u00e7\u00e3o de algumas etapas da cirurgia, com o objetivo de dar mais precis\u00e3o, previsibilidade e reprodutibilidade \u00e0 cirurgia de catarata, finalizou Lobato.<\/p>\n<p><strong>CARIRI EM A\u00c7\u00c3O<\/strong><\/p>\n<p><em>Com FolhaGO\/Foto: Reprodu\u00e7\u00e3o Internet<\/em><\/p>\n<p><strong>Leia mais not\u00edcias em\u00a0<\/strong><a href=\"http:\/\/www.caririemacao.com\/\"><strong>caririemacao.com<\/strong><\/a><strong>, siga nossa p\u00e1gina no\u00a0<\/strong><a href=\"https:\/\/www.facebook.com\/CaririEmAcao\/?ref=aymt_homepage_panel\"><strong>Facebook<\/strong><\/a>,<strong>\u00a0<\/strong><a href=\"https:\/\/www.instagram.com\/cariri_em_acao\/?hl=pt-br\"><strong>Instagram<\/strong><\/a><strong>\u00a0e <\/strong><a href=\"https:\/\/www.youtube.com\/channel\/UCAptA0jQuYQy8vMhLt2m4qg\"><strong>Youtube<\/strong><\/a><strong>\u00a0e veja nossas mat\u00e9rias, v\u00eddeos e fotos. Voc\u00ea tamb\u00e9m pode enviar informa\u00e7\u00f5es \u00e0 Reda\u00e7\u00e3o do Portal Cariri em A\u00e7\u00e3o pelo WhatsApp (83) 9 9634.5791, (83) 9 9601-1162.<\/strong><\/p>\n","protected":false},"excerpt":{"rendered":"<p>Na esta\u00e7\u00e3o mais quente do ano, a exposi\u00e7\u00e3o prolongada ao sol pode antecipar o surgimento de catarata, que normalmente ocorre com o envelhecimento. De acordo&hellip; <\/p>\n","protected":false},"author":2,"featured_media":37736,"comment_status":"closed","ping_status":"closed","sticky":false,"template":"","format":"standard","meta":{"sfsi_plus_gutenberg_text_before_share":"","sfsi_plus_gutenberg_show_text_before_share":"","sfsi_plus_gutenberg_icon_type":"","sfsi_plus_gutenberg_icon_alignemt":"","sfsi_plus_gutenburg_max_per_row":"","footnotes":""},"categories":[16],"tags":[],"class_list":["post-37735","post","type-post","status-publish","format-standard","has-post-thumbnail","hentry","category-saude"],"_links":{"self":[{"href":"https:\/\/www.caririemacao.com\/1\/wp-json\/wp\/v2\/posts\/37735","targetHints":{"allow":["GET"]}}],"collection":[{"href":"https:\/\/www.caririemacao.com\/1\/wp-json\/wp\/v2\/posts"}],"about":[{"href":"https:\/\/www.caririemacao.com\/1\/wp-json\/wp\/v2\/types\/post"}],"author":[{"embeddable":true,"href":"https:\/\/www.caririemacao.com\/1\/wp-json\/wp\/v2\/users\/2"}],"replies":[{"embeddable":true,"href":"https:\/\/www.caririemacao.com\/1\/wp-json\/wp\/v2\/comments?post=37735"}],"version-history":[{"count":0,"href":"https:\/\/www.caririemacao.com\/1\/wp-json\/wp\/v2\/posts\/37735\/revisions"}],"wp:featuredmedia":[{"embeddable":true,"href":"https:\/\/www.caririemacao.com\/1\/wp-json\/wp\/v2\/media\/37736"}],"wp:attachment":[{"href":"https:\/\/www.caririemacao.com\/1\/wp-json\/wp\/v2\/media?parent=37735"}],"wp:term":[{"taxonomy":"category","embeddable":true,"href":"https:\/\/www.caririemacao.com\/1\/wp-json\/wp\/v2\/categories?post=37735"},{"taxonomy":"post_tag","embeddable":true,"href":"https:\/\/www.caririemacao.com\/1\/wp-json\/wp\/v2\/tags?post=37735"}],"curies":[{"name":"wp","href":"https:\/\/api.w.org\/{rel}","templated":true}]}}