{"id":37738,"date":"2018-01-17T09:56:44","date_gmt":"2018-01-17T12:56:44","guid":{"rendered":"http:\/\/caririemacao.com\/1\/?p=37738"},"modified":"2018-01-17T09:56:44","modified_gmt":"2018-01-17T12:56:44","slug":"temer-recebe-de-pastores-a-silvio-santos-em-busca-de-apoio-fora-do-congresso","status":"publish","type":"post","link":"https:\/\/www.caririemacao.com\/1\/2018\/01\/17\/temer-recebe-de-pastores-a-silvio-santos-em-busca-de-apoio-fora-do-congresso\/","title":{"rendered":"Temer recebe de pastores a Silvio Santos em busca de apoio fora do Congresso"},"content":{"rendered":"<p>Entre b\u00ean\u00e7\u00e3os e pedidos para virar votos a favor da reforma da Previd\u00eancia, o presidente\u00a0Michel Temer\u00a0come\u00e7ou a apelar a l\u00edderes\u00a0evang\u00e9licos\u00a0e a empres\u00e1rios para que ajudem, com a influ\u00eancia que possuem no Congresso, no convencimento a favor da proposta. Simultaneamente, o presidente decidiu tamb\u00e9m fazer uma ofensiva em programas de TV, com apresentadores tradicionais.<\/p>\n<p>Na ter\u00e7a-feira pela manh\u00e3, Temer recebeu o jornalista Amaury Jr no Pal\u00e1cio da Alvorada para uma entrevista que deve ser veiculada no fim do m\u00eas na Band. O presidente tamb\u00e9m j\u00e1 marcou participa\u00e7\u00e3o no programa do apresentador Silvio Santos, no SBT.<\/p>\n<p>Paralelamente, ataca em outra frente: a bancada evang\u00e9lica. Temer recebeu na ter\u00e7a-feira, no Pal\u00e1cio do Planalto, Jos\u00e9 Wellington, da Assembleia de Deus em S\u00e3o Paulo, um dos pastores mais influentes do pa\u00eds. Este foi o segundo encontro com lideran\u00e7as evang\u00e9licas esta semana. Na segunda-feira, o presidente esteve com o ap\u00f3stolo Valdemiro Santiago, fundador da Igreja Mundial do Poder de Deus.<\/p>\n<p>As reuni\u00f5es, orquestradas pelo ministro da Secretaria de Governo, Carlos Marun, t\u00eam ainda o objetivo de tentar aumentar a hoje diminuta popularidade do presidente. O apoio dos religiosos \u00e9 visto como essencial, uma vez que a bancada evang\u00e9lica no Congresso \u00e9 composta por cerca de 80 deputados e 4 senadores.<\/p>\n<p>Hoje, ser\u00e1 a vez de um t\u00eate-\u00e0-t\u00eate entre Temer e o mission\u00e1rio Romildo Ribeiro Soares \u2014 mais conhecido como R. R. Soares. Ele \u00e9 fundador e l\u00edder da Igreja Internacional da Gra\u00e7a de Deus, uma das maiores do pa\u00eds. Al\u00e9m disso, foi um dos fundadores da Igreja Universal do Reino de Deus, ao lado de Edir Macedo, seu cunhado. Segundo interlocutores do Planalto, existem outros pedidos de representantes evang\u00e9licos para reuni\u00f5es, mas ainda n\u00e3o est\u00e3o agendados.<\/p>\n<div>\n<div><span class=\"ctaText\">Leia Tamb\u00e9m:\u00a0<\/span>\u00a0\u00a0<span class=\"postTitle\">Joelma d\u00e1 patadas em Silvio Santos ap\u00f3s provoca\u00e7\u00f5es do apresentador<\/span><\/div>\n<\/div>\n<p>Ao GLOBO, o ministro Carlos Marun explicou que a nova estrat\u00e9gia do governo \u00e9 utilizar o per\u00edodo de recesso parlamentar para investir nas conversas com representantes da sociedade civil. Sem saber o que fazer para engrossar os votos a favor da Previd\u00eancia, o governo aposta, agora, que a ajuda destes segmentos pode tranquilizar os deputados na hora da vota\u00e7\u00e3o da reforma na C\u00e2mara.<\/p>\n<p>\u2014 O presidente est\u00e1 conversando com lideran\u00e7as a n\u00edvel de Brasil. Estamos fazendo v\u00e1rios tipos de di\u00e1logo. N\u00f3s entendemos que um fator que ainda inibe algumas decis\u00f5es de votos favor\u00e1veis \u00e9 a justa preocupa\u00e7\u00e3o com a quest\u00e3o eleitoral \u2014 disse Marun.<\/p>\n<p>O mesmo racioc\u00ednio \u00e9 defendido pelo vice-l\u00edder do governo na C\u00e2mara, deputado Beto Mansur (PRB-SP). Um dos respons\u00e1veis pela contabilidade dos apoios \u00e0 proposta, o deputado afirma que as lideran\u00e7as de setores importantes s\u00e3o grandes influenciadoras na tomada de decis\u00e3o dos parlamentares.<\/p>\n<p>Ontem, enquanto Temer recebia um pastor, Marun foi a S\u00e3o Paulo para um encontro na Federa\u00e7\u00e3o das Ind\u00fastrias do Estado de S\u00e3o Paulo (Fiesp), e Mansur participou de uma reuni\u00e3o com empres\u00e1rios de at\u00e9 40 setores distintos. Amanh\u00e3, Marun se encontra com empres\u00e1rios em Minas.<\/p>\n<p>&nbsp;<\/p>\n<p><strong>CARIRI EM A\u00c7\u00c3O<\/strong><\/p>\n<p><em>Com O Globo\/Foto: Reprodu\u00e7\u00e3o Internet<\/em><\/p>\n<p><strong>Leia mais not\u00edcias em\u00a0<\/strong><a href=\"http:\/\/www.caririemacao.com\/\"><strong>caririemacao.com<\/strong><\/a><strong>, siga nossa p\u00e1gina no\u00a0<\/strong><a href=\"https:\/\/www.facebook.com\/CaririEmAcao\/?ref=aymt_homepage_panel\"><strong>Facebook<\/strong><\/a>,<strong>\u00a0<\/strong><a href=\"https:\/\/www.instagram.com\/cariri_em_acao\/?hl=pt-br\"><strong>Instagram<\/strong><\/a><strong>\u00a0e <\/strong><a href=\"https:\/\/www.youtube.com\/channel\/UCAptA0jQuYQy8vMhLt2m4qg\"><strong>Youtube<\/strong><\/a><strong>\u00a0e veja nossas mat\u00e9rias, v\u00eddeos e fotos. Voc\u00ea tamb\u00e9m pode enviar informa\u00e7\u00f5es \u00e0 Reda\u00e7\u00e3o do Portal Cariri em A\u00e7\u00e3o pelo WhatsApp (83) 9 9634.5791, (83) 9 9601-1162.<\/strong><\/p>\n","protected":false},"excerpt":{"rendered":"<p>Entre b\u00ean\u00e7\u00e3os e pedidos para virar votos a favor da reforma da Previd\u00eancia, o presidente\u00a0Michel Temer\u00a0come\u00e7ou a apelar a l\u00edderes\u00a0evang\u00e9licos\u00a0e a empres\u00e1rios para que ajudem,&hellip; <\/p>\n","protected":false},"author":2,"featured_media":37739,"comment_status":"closed","ping_status":"closed","sticky":false,"template":"","format":"standard","meta":{"sfsi_plus_gutenberg_text_before_share":"","sfsi_plus_gutenberg_show_text_before_share":"","sfsi_plus_gutenberg_icon_type":"","sfsi_plus_gutenberg_icon_alignemt":"","sfsi_plus_gutenburg_max_per_row":"","footnotes":""},"categories":[11],"tags":[],"class_list":["post-37738","post","type-post","status-publish","format-standard","has-post-thumbnail","hentry","category-politica"],"_links":{"self":[{"href":"https:\/\/www.caririemacao.com\/1\/wp-json\/wp\/v2\/posts\/37738","targetHints":{"allow":["GET"]}}],"collection":[{"href":"https:\/\/www.caririemacao.com\/1\/wp-json\/wp\/v2\/posts"}],"about":[{"href":"https:\/\/www.caririemacao.com\/1\/wp-json\/wp\/v2\/types\/post"}],"author":[{"embeddable":true,"href":"https:\/\/www.caririemacao.com\/1\/wp-json\/wp\/v2\/users\/2"}],"replies":[{"embeddable":true,"href":"https:\/\/www.caririemacao.com\/1\/wp-json\/wp\/v2\/comments?post=37738"}],"version-history":[{"count":0,"href":"https:\/\/www.caririemacao.com\/1\/wp-json\/wp\/v2\/posts\/37738\/revisions"}],"wp:featuredmedia":[{"embeddable":true,"href":"https:\/\/www.caririemacao.com\/1\/wp-json\/wp\/v2\/media\/37739"}],"wp:attachment":[{"href":"https:\/\/www.caririemacao.com\/1\/wp-json\/wp\/v2\/media?parent=37738"}],"wp:term":[{"taxonomy":"category","embeddable":true,"href":"https:\/\/www.caririemacao.com\/1\/wp-json\/wp\/v2\/categories?post=37738"},{"taxonomy":"post_tag","embeddable":true,"href":"https:\/\/www.caririemacao.com\/1\/wp-json\/wp\/v2\/tags?post=37738"}],"curies":[{"name":"wp","href":"https:\/\/api.w.org\/{rel}","templated":true}]}}