{"id":37746,"date":"2018-01-17T10:35:04","date_gmt":"2018-01-17T13:35:04","guid":{"rendered":"http:\/\/caririemacao.com\/1\/?p=37746"},"modified":"2018-01-17T10:35:04","modified_gmt":"2018-01-17T13:35:04","slug":"pe-nilson-nunes-sera-a-atracao-religiosa-da-festa-de-sao-sebastiao-em-gurjao","status":"publish","type":"post","link":"https:\/\/www.caririemacao.com\/1\/2018\/01\/17\/pe-nilson-nunes-sera-a-atracao-religiosa-da-festa-de-sao-sebastiao-em-gurjao\/","title":{"rendered":"Pe. Nilson Nunes ser\u00e1 a atra\u00e7\u00e3o religiosa da Festa de S\u00e3o Sebasti\u00e3o em Gurj\u00e3o"},"content":{"rendered":"<div id=\"texto\">\n<p>O Padre Nilson Nunes ser\u00e1 a atra\u00e7\u00e3o religiosa da Festa de S\u00e3o Sebasti\u00e3o em Gurj\u00e3o. Com o tema \u201cLuz do Meu Viver\u201d o show ser\u00e1 em pra\u00e7a p\u00fablica na pr\u00f3xima sexta-feira(19), e tem o apoio da Prefeitura Municipal da cidade.<\/p>\n<div>Pela primeira vez no Cariri, o Pe. Nilson comentou da alegria de se apresentar na cidade. O show \u2018Luz do Meu Viver\u2019 ser\u00e1 voltado \u00e0s fam\u00edlias, a juventude e ao povo de Deus que segue Jesus Cristo. Minha miss\u00e3o \u00e9 evangelizar e levar a luz d\u2019Ele e fa\u00e7o isso atrav\u00e9s da m\u00fasica e da mensagem de amor, paz, esperan\u00e7a, disse o padre.<\/div>\n<div><\/div>\n<div>O Prefeito Ronaldo Queiroz espera uma multid\u00e3o na cidade de Gurj\u00e3o, uma estrutura de som e palco est\u00e1 sendo montada na cidade para esse show, e \u00e9 esperado caravana de todas as cidades aqui no Cariri e at\u00e9 de outros estados.<\/div>\n<div><\/div>\n<div>A apresenta\u00e7\u00e3o do Padre Nilson Nunes \u00e9 uma festa para toda fam\u00edlia, o show acontece na sexta-feira(19), \u00e0s 21h, em pra\u00e7a p\u00fablica.<\/div>\n<div><\/div>\n<div><strong>CARIRI EM A\u00c7\u00c3O<\/strong><\/div>\n<div>\n<p><em>Com Ascom \/Foto: Divulga\u00e7\u00e3o \u00a0<\/em><\/p>\n<p><strong>Leia mais not\u00edcias em\u00a0<\/strong><a href=\"http:\/\/www.caririemacao.com\/\"><strong>caririemacao.com<\/strong><\/a><strong>, siga nossa p\u00e1gina no\u00a0<\/strong><a href=\"https:\/\/www.facebook.com\/CaririEmAcao\/?ref=aymt_homepage_panel\"><strong>Facebook<\/strong><\/a>,<strong>\u00a0<\/strong><a href=\"https:\/\/www.instagram.com\/cariri_em_acao\/?hl=pt-br\"><strong>Instagram<\/strong><\/a><strong>\u00a0e <\/strong><a href=\"https:\/\/www.youtube.com\/channel\/UCAptA0jQuYQy8vMhLt2m4qg\"><strong>Youtube<\/strong><\/a><strong>\u00a0e veja nossas mat\u00e9rias, v\u00eddeos e fotos. Voc\u00ea tamb\u00e9m pode enviar informa\u00e7\u00f5es \u00e0 Reda\u00e7\u00e3o do Portal Cariri em A\u00e7\u00e3o pelo WhatsApp (83) 9 9634.5791, (83) 9 9601-1162.<\/strong><\/p>\n<\/div>\n<\/div>\n<div id=\"cometarios\">\n<div id=\"shr_canvas2\" class=\"shareaholic-canvas shareaholic-ui shareaholic-resolved-canvas ng-scope\" data-app=\"share_buttons\" data-app-id=\"21856067\">\n<div class=\"ng-scope\">\n<div class=\"shareaholic-share-buttons-container shareaholic-ui no-print  badge-counter\">\n<div class=\"shareaholic-share-buttons-wrapper shareaholic-ui shareaholic-share-buttons-wrapper-with-headline\">\n<div class=\"shareaholic-share-buttons-animation-wrapper\">\n<div class=\"shareaholic-share-buttons-heading custom\">\n<div>\n<div>\n<div class=\"ng-binding ng-scope\"><\/div>\n<\/div>\n<\/div>\n<\/div>\n<\/div>\n<\/div>\n<\/div>\n<\/div>\n<\/div>\n<\/div>\n","protected":false},"excerpt":{"rendered":"<p>O Padre Nilson Nunes ser\u00e1 a atra\u00e7\u00e3o religiosa da Festa de S\u00e3o Sebasti\u00e3o em Gurj\u00e3o. Com o tema \u201cLuz do Meu Viver\u201d o show ser\u00e1&hellip; <\/p>\n","protected":false},"author":2,"featured_media":37747,"comment_status":"closed","ping_status":"closed","sticky":false,"template":"","format":"standard","meta":{"sfsi_plus_gutenberg_text_before_share":"","sfsi_plus_gutenberg_show_text_before_share":"","sfsi_plus_gutenberg_icon_type":"","sfsi_plus_gutenberg_icon_alignemt":"","sfsi_plus_gutenburg_max_per_row":"","footnotes":""},"categories":[6],"tags":[],"class_list":["post-37746","post","type-post","status-publish","format-standard","has-post-thumbnail","hentry","category-cidades"],"_links":{"self":[{"href":"https:\/\/www.caririemacao.com\/1\/wp-json\/wp\/v2\/posts\/37746","targetHints":{"allow":["GET"]}}],"collection":[{"href":"https:\/\/www.caririemacao.com\/1\/wp-json\/wp\/v2\/posts"}],"about":[{"href":"https:\/\/www.caririemacao.com\/1\/wp-json\/wp\/v2\/types\/post"}],"author":[{"embeddable":true,"href":"https:\/\/www.caririemacao.com\/1\/wp-json\/wp\/v2\/users\/2"}],"replies":[{"embeddable":true,"href":"https:\/\/www.caririemacao.com\/1\/wp-json\/wp\/v2\/comments?post=37746"}],"version-history":[{"count":0,"href":"https:\/\/www.caririemacao.com\/1\/wp-json\/wp\/v2\/posts\/37746\/revisions"}],"wp:featuredmedia":[{"embeddable":true,"href":"https:\/\/www.caririemacao.com\/1\/wp-json\/wp\/v2\/media\/37747"}],"wp:attachment":[{"href":"https:\/\/www.caririemacao.com\/1\/wp-json\/wp\/v2\/media?parent=37746"}],"wp:term":[{"taxonomy":"category","embeddable":true,"href":"https:\/\/www.caririemacao.com\/1\/wp-json\/wp\/v2\/categories?post=37746"},{"taxonomy":"post_tag","embeddable":true,"href":"https:\/\/www.caririemacao.com\/1\/wp-json\/wp\/v2\/tags?post=37746"}],"curies":[{"name":"wp","href":"https:\/\/api.w.org\/{rel}","templated":true}]}}