{"id":37755,"date":"2018-01-17T21:03:33","date_gmt":"2018-01-18T00:03:33","guid":{"rendered":"http:\/\/caririemacao.com\/1\/?p=37755"},"modified":"2018-01-17T21:03:33","modified_gmt":"2018-01-18T00:03:33","slug":"juiz-nega-prisao-domiciliar-a-paulo-maluf","status":"publish","type":"post","link":"https:\/\/www.caririemacao.com\/1\/2018\/01\/17\/juiz-nega-prisao-domiciliar-a-paulo-maluf\/","title":{"rendered":"Juiz nega pris\u00e3o domiciliar a Paulo Maluf"},"content":{"rendered":"<p>O juiz Bruno Aielo Macacari, da Vara de Execu\u00e7\u00f5es Penais (VEP) do Distrito Federal, negou hoje (17) pedido de pris\u00e3o domiciliar feito pela defesa do deputado Paulo Maluf (PP-SP), preso para cumprir pena definitiva de sete anos e nove meses por lavagem de dinheiro, definida pelo Supremo Tribunal Federal (STF).<\/p>\n<p>Na decis\u00e3o, o juiz argumento que o parlamentar pode cumprir a pena na Penitenci\u00e1ria da Papuda, em Bras\u00edlia, mesmo diante de seu quadro de sa\u00fade. No entendimento do magistrado, a penitenci\u00e1ria tem condi\u00e7\u00f5es de oferecer tratamento emergencial a Maluf, caso seja solicitado.<\/p>\n<p>\u201cEm suma, repisando que a pris\u00e3o domiciliar humanit\u00e1ria s\u00f3 tem lugar nas estritas hip\u00f3teses em que o apenado n\u00e3o possa receber tratamento no interior do pres\u00eddio, bem como que h\u00e1 prova mais que suficiente que esta n\u00e3o \u00e9 o caso destes autos, consoante se extrai do contexto f\u00e1tico que atualmente se apresenta, tenho que a rejei\u00e7\u00e3o do pedido defensivo \u00e9 medida que se imp\u00f5e\u201d, diz a decis\u00e3o.<\/p>\n<p>Ap\u00f3s o ministro do STF Edson Fachin determinar a execu\u00e7\u00e3o da condena\u00e7\u00e3o, em dezembro do ano passado, os advogados de Maluf alegaram que ele deve cumprir pris\u00e3o domiciliar porque sofre de c\u00e2ncer de pr\u00f3stata, problemas card\u00edacos e na coluna, al\u00e9m de h\u00e9rnia de disco, e, segundo eles, n\u00e3o h\u00e1 atendimento m\u00e9dico adequado na Papuda.<\/p>\n<p><strong>Recusa de atendimento e alimenta\u00e7\u00e3o<\/strong><\/p>\n<p>Em um trecho da decis\u00e3o, o juiz disse que Paulo Maluf se recusou a receber atendimento odontol\u00f3gico na Papuda pelo fato de a consulta n\u00e3o ter sido realizada na hora marcada. O deputado chegou a assinar um termo no qual recusou atendimento.<\/p>\n<p>&#8220;Eu, Paulo Maluf, prontu\u00e1rio (omissis), declaro, para os devidos fins, que me recuso a receber atendimento m\u00e9dico e a me submeter a quaisquer procedimentos relativos a sa\u00fade, realizados pela equipe de sa\u00fade desta unidade prisional&#8221;, diz o documento.<\/p>\n<p>O juiz tamb\u00e9m destacou de h\u00e1 cerca de 16 mil presos na Penitenci\u00e1ria da Papuda, sendo 1 mil com doen\u00e7as graves, dentre os quais 485 hipertensos, 4 cardiopatas e sete cadeirantes.<\/p>\n<p>Sobre a preocupa\u00e7\u00e3o da defesa em rela\u00e7\u00e3o \u00e0 sa\u00fade do deputado na pris\u00e3o, o juiz disse que Maluf n\u00e3o est\u00e1 se alimentando corretamente por conta pr\u00f3pria e \u201ctem passado os dias \u00e0 base de mini pizza, refrigerante, caf\u00e9 e \u00e1gua\u201d, itens que n\u00e3o fazem parte da alimenta\u00e7\u00e3o que \u00e9 servida no pres\u00eddio, e que s\u00e3o custeados por ele na cantina da Papuda.<\/p>\n<p>\u201cNem se alegue que foi imperioso tal consumo pela insufici\u00eancia do que ofertado ao sentenciado nas quatro refei\u00e7\u00f5es di\u00e1rias, sobretudo pelo fato de que os respectivos card\u00e1pios s\u00e3o definidos por nutricionistas. Ademais, sendo esse o seu desejo, poderia receber alimentos outros, inclusive frutas, por meio de visitantes ou advogados, desde que abrangidos os alimentos entre aqueles de ingresso permitido no estabelecimento prisional, mediante pr\u00e9via aquiesc\u00eancia dos profissionais de sa\u00fade. \u201d, disse o juiz.<\/p>\n<p><strong>Condena\u00e7\u00e3o<\/strong><\/p>\n<p>Maluf foi condenado por receber propina em contratos p\u00fablicos com as empreiteiras Mendes J\u00fanior e OAS quando era prefeito de S\u00e3o Paulo (1993-1996). Os recursos teriam sido desviados da constru\u00e7\u00e3o da Avenida \u00c1gua Espraiada, hoje chamada Avenida Roberto Marinho. O custo total da obra foi cerca de R$ 800 milh\u00f5es.<\/p>\n<p>As investiga\u00e7\u00f5es se arrastaram por mais de dez anos, desde a instaura\u00e7\u00e3o do primeiro inqu\u00e9rito contra o ex-prefeito, ainda na primeira inst\u00e2ncia da Justi\u00e7a. Os procuradores do Minist\u00e9rio P\u00fablico estimaram em US$ 170 milh\u00f5es a movimenta\u00e7\u00e3o total de recursos il\u00edcitos. O Supremo assumiu o caso ap\u00f3s a elei\u00e7\u00e3o de Maluf como deputado federal.<\/p>\n<p><strong>CARIRI EM A\u00c7\u00c3O<\/strong><\/p>\n<p><em>Com EBC\/Foto: Reprodu\u00e7\u00e3o Internet<\/em><\/p>\n<p><strong>Leia mais not\u00edcias em\u00a0<\/strong><a href=\"http:\/\/www.caririemacao.com\/\"><strong>caririemacao.com<\/strong><\/a><strong>, siga nossa p\u00e1gina no\u00a0<\/strong><a href=\"https:\/\/www.facebook.com\/CaririEmAcao\/?ref=aymt_homepage_panel\"><strong>Facebook<\/strong><\/a>,<strong>\u00a0<\/strong><a href=\"https:\/\/www.instagram.com\/cariri_em_acao\/?hl=pt-br\"><strong>Instagram<\/strong><\/a><strong>\u00a0e\u00a0<\/strong><a href=\"https:\/\/www.youtube.com\/channel\/UCAptA0jQuYQy8vMhLt2m4qg\"><strong>Youtube<\/strong><\/a><strong>\u00a0e veja nossas mat\u00e9rias, v\u00eddeos e fotos. Voc\u00ea tamb\u00e9m pode enviar informa\u00e7\u00f5es \u00e0 Reda\u00e7\u00e3o do Portal Cariri em A\u00e7\u00e3o pelo WhatsApp (83) 9 9634.5791, (83) 9 9601-1162.<\/strong><\/p>\n","protected":false},"excerpt":{"rendered":"<p>O juiz Bruno Aielo Macacari, da Vara de Execu\u00e7\u00f5es Penais (VEP) do Distrito Federal, negou hoje (17) pedido de pris\u00e3o domiciliar feito pela defesa do&hellip; <\/p>\n","protected":false},"author":2,"featured_media":35531,"comment_status":"closed","ping_status":"closed","sticky":false,"template":"","format":"standard","meta":{"sfsi_plus_gutenberg_text_before_share":"","sfsi_plus_gutenberg_show_text_before_share":"","sfsi_plus_gutenberg_icon_type":"","sfsi_plus_gutenberg_icon_alignemt":"","sfsi_plus_gutenburg_max_per_row":"","footnotes":""},"categories":[11],"tags":[],"class_list":["post-37755","post","type-post","status-publish","format-standard","has-post-thumbnail","hentry","category-politica"],"_links":{"self":[{"href":"https:\/\/www.caririemacao.com\/1\/wp-json\/wp\/v2\/posts\/37755","targetHints":{"allow":["GET"]}}],"collection":[{"href":"https:\/\/www.caririemacao.com\/1\/wp-json\/wp\/v2\/posts"}],"about":[{"href":"https:\/\/www.caririemacao.com\/1\/wp-json\/wp\/v2\/types\/post"}],"author":[{"embeddable":true,"href":"https:\/\/www.caririemacao.com\/1\/wp-json\/wp\/v2\/users\/2"}],"replies":[{"embeddable":true,"href":"https:\/\/www.caririemacao.com\/1\/wp-json\/wp\/v2\/comments?post=37755"}],"version-history":[{"count":0,"href":"https:\/\/www.caririemacao.com\/1\/wp-json\/wp\/v2\/posts\/37755\/revisions"}],"wp:featuredmedia":[{"embeddable":true,"href":"https:\/\/www.caririemacao.com\/1\/wp-json\/wp\/v2\/media\/35531"}],"wp:attachment":[{"href":"https:\/\/www.caririemacao.com\/1\/wp-json\/wp\/v2\/media?parent=37755"}],"wp:term":[{"taxonomy":"category","embeddable":true,"href":"https:\/\/www.caririemacao.com\/1\/wp-json\/wp\/v2\/categories?post=37755"},{"taxonomy":"post_tag","embeddable":true,"href":"https:\/\/www.caririemacao.com\/1\/wp-json\/wp\/v2\/tags?post=37755"}],"curies":[{"name":"wp","href":"https:\/\/api.w.org\/{rel}","templated":true}]}}