{"id":37757,"date":"2018-01-17T21:08:57","date_gmt":"2018-01-18T00:08:57","guid":{"rendered":"http:\/\/caririemacao.com\/1\/?p=37757"},"modified":"2018-01-17T21:08:57","modified_gmt":"2018-01-18T00:08:57","slug":"caixa-substituira-temporariamente-vice-presidentes-afastados","status":"publish","type":"post","link":"https:\/\/www.caririemacao.com\/1\/2018\/01\/17\/caixa-substituira-temporariamente-vice-presidentes-afastados\/","title":{"rendered":"Caixa substituir\u00e1 temporariamente vice-presidentes afastados"},"content":{"rendered":"<p>O presidente da Caixa Econ\u00f4mica Federal, Gilberto Occhi, anunciou em nota, que deve assinar ainda hoje (17) portaria com os nomes dos indicados para ocupar temporariamente as vagas dos quatro vice-presidentes do banco afastados ter\u00e7a-feira (16) pelo presidente Michel Temer. Os afastados s\u00e3o alvo de investiga\u00e7\u00e3o por suspeitas de corrup\u00e7\u00e3o na institui\u00e7\u00e3o. A nomea\u00e7\u00e3o tem validade inicial de 30 dias.<\/p>\n<p>Luiz Gustavo Silva Portela, diretor de Banco Corporativo, ocupar\u00e1 o posto de vice-presidente de Corporativo, substituindo Ant\u00f4nio Carlos Ferreira; Valter Gon\u00e7alves Nunes, diretor de Fundos de Governo, entra na Vice-Presid\u00eancia de Fundos de Governo e Loterias no lugar de Deusdina Pereira.<\/p>\n<p>O diretor de Clientes e Canais, Ademir Losekan, ser\u00e1 designado para a Vice-Presid\u00eancia de Clientes, Neg\u00f3cios e Transforma\u00e7\u00e3o Digital, na vaga de Jos\u00e9 Henrique Marques da Cruz. Roberto Barros Barreto, respons\u00e1vel pela dire\u00e7\u00e3o de Servi\u00e7os de Governo, ocupar\u00e1 a Vice-Presid\u00eancia de Governo com a sa\u00edda de Roberto de Sant Anna.<\/p>\n<p>Os oito vice-presidentes n\u00e3o afastados passar\u00e3o por uma avalia\u00e7\u00e3o t\u00e9cnica conforme o estatuto da institui\u00e7\u00e3o. O\u00a0an\u00fancio\u00a0foi feito pelo ministro da Fazenda, Henrique Meirelles, hoje (17). O ministro tamb\u00e9m informou que a decis\u00e3o sobre a exonera\u00e7\u00e3o ou recondu\u00e7\u00e3o dos vice-presidentes afastados \u00e9 do\u00a0Conselho de Administra\u00e7\u00e3o\u00a0da empresa.<\/p>\n<p><strong>Investiga\u00e7\u00f5es<\/strong><\/p>\n<p>As suspeitas de corrup\u00e7\u00e3o na Caixa motivaram investiga\u00e7\u00f5es do Minist\u00e9rio P\u00fablico Federal (MPF), do Banco Central (BC) e da Pol\u00edcia Federal (PF). O MP havia recomendado a Temer a exonera\u00e7\u00e3o de todos os 12 vice-presidentes. Inicialmente, o Pal\u00e1cio do Planalto rejeitou a medida. Depois da cobran\u00e7a de procuradores, decidiu pelo afastamento de quatro vice-presidentes alegando que apenas estes estavam na mira das investiga\u00e7\u00f5es.<\/p>\n<p><strong>CARIRI EM A\u00c7\u00c3O<\/strong><\/p>\n<p><em>Com EBC\/Foto: Reprodu\u00e7\u00e3o Internet<\/em><\/p>\n<p><strong>Leia mais not\u00edcias em\u00a0<\/strong><a href=\"http:\/\/www.caririemacao.com\/\"><strong>caririemacao.com<\/strong><\/a><strong>, siga nossa p\u00e1gina no\u00a0<\/strong><a href=\"https:\/\/www.facebook.com\/CaririEmAcao\/?ref=aymt_homepage_panel\"><strong>Facebook<\/strong><\/a>,<strong>\u00a0<\/strong><a href=\"https:\/\/www.instagram.com\/cariri_em_acao\/?hl=pt-br\"><strong>Instagram<\/strong><\/a><strong>\u00a0e\u00a0<\/strong><a href=\"https:\/\/www.youtube.com\/channel\/UCAptA0jQuYQy8vMhLt2m4qg\"><strong>Youtube<\/strong><\/a><strong>\u00a0e veja nossas mat\u00e9rias, v\u00eddeos e fotos. Voc\u00ea tamb\u00e9m pode enviar informa\u00e7\u00f5es \u00e0 Reda\u00e7\u00e3o do Portal Cariri em A\u00e7\u00e3o pelo WhatsApp (83) 9 9634.5791, (83) 9 9601-1162.<\/strong><\/p>\n","protected":false},"excerpt":{"rendered":"<p>O presidente da Caixa Econ\u00f4mica Federal, Gilberto Occhi, anunciou em nota, que deve assinar ainda hoje (17) portaria com os nomes dos indicados para ocupar&hellip; <\/p>\n","protected":false},"author":2,"featured_media":37759,"comment_status":"closed","ping_status":"closed","sticky":false,"template":"","format":"standard","meta":{"sfsi_plus_gutenberg_text_before_share":"","sfsi_plus_gutenberg_show_text_before_share":"","sfsi_plus_gutenberg_icon_type":"","sfsi_plus_gutenberg_icon_alignemt":"","sfsi_plus_gutenburg_max_per_row":"","footnotes":""},"categories":[11],"tags":[],"class_list":["post-37757","post","type-post","status-publish","format-standard","has-post-thumbnail","hentry","category-politica"],"_links":{"self":[{"href":"https:\/\/www.caririemacao.com\/1\/wp-json\/wp\/v2\/posts\/37757","targetHints":{"allow":["GET"]}}],"collection":[{"href":"https:\/\/www.caririemacao.com\/1\/wp-json\/wp\/v2\/posts"}],"about":[{"href":"https:\/\/www.caririemacao.com\/1\/wp-json\/wp\/v2\/types\/post"}],"author":[{"embeddable":true,"href":"https:\/\/www.caririemacao.com\/1\/wp-json\/wp\/v2\/users\/2"}],"replies":[{"embeddable":true,"href":"https:\/\/www.caririemacao.com\/1\/wp-json\/wp\/v2\/comments?post=37757"}],"version-history":[{"count":0,"href":"https:\/\/www.caririemacao.com\/1\/wp-json\/wp\/v2\/posts\/37757\/revisions"}],"wp:featuredmedia":[{"embeddable":true,"href":"https:\/\/www.caririemacao.com\/1\/wp-json\/wp\/v2\/media\/37759"}],"wp:attachment":[{"href":"https:\/\/www.caririemacao.com\/1\/wp-json\/wp\/v2\/media?parent=37757"}],"wp:term":[{"taxonomy":"category","embeddable":true,"href":"https:\/\/www.caririemacao.com\/1\/wp-json\/wp\/v2\/categories?post=37757"},{"taxonomy":"post_tag","embeddable":true,"href":"https:\/\/www.caririemacao.com\/1\/wp-json\/wp\/v2\/tags?post=37757"}],"curies":[{"name":"wp","href":"https:\/\/api.w.org\/{rel}","templated":true}]}}