{"id":37764,"date":"2018-01-18T08:00:18","date_gmt":"2018-01-18T11:00:18","guid":{"rendered":"http:\/\/caririemacao.com\/1\/?p=37764"},"modified":"2018-01-18T12:27:05","modified_gmt":"2018-01-18T15:27:05","slug":"rd-supermercado-sera-inaugurado-nesta-quinta-feira-em-amparo","status":"publish","type":"post","link":"https:\/\/www.caririemacao.com\/1\/2018\/01\/18\/rd-supermercado-sera-inaugurado-nesta-quinta-feira-em-amparo\/","title":{"rendered":"R&#038;D Supermercado ser\u00e1 inaugurado nesta quinta-feira em Amparo"},"content":{"rendered":"<p>O grupo R&amp;D Supermercado estar\u00e1 na manh\u00e3 desta quinta-feira, dia 18, inaugurando a sua mais nova unidade, desta vez, na cidade de Amparo.<\/p>\n<p>O empres\u00e1rio Naldinho, atual presidente da Rede Cariri de Supermercado usou a rede social para convidar todos os amparenses e cidades vizinha prestigiar a inaugura\u00e7\u00e3o do R&amp;D Supermercado de Amparo.<\/p>\n<p>Segundo Naldinho, j\u00e1 a partir das 7h o supermercado estar\u00e1 aberto e em seguida ser\u00e1 realizado um momento ecum\u00eanico com a b\u00ean\u00e7\u00e3o do padre Eude.<\/p>\n<p>\u201cVamos abrir nossa terceira unidade para oferecer um pre\u00e7o baixo, onde as pessoas poder\u00e3o fazer suas compras mais barato e com produtos de qualidade. Convido todos para fazer parte da fam\u00edlia R&amp;D\u201d, convidou.<\/p>\n<p><strong>CARIRI EM A\u00c7\u00c3O<\/strong><\/p>\n<p><strong>Leia mais not\u00edcias em\u00a0<a href=\"http:\/\/www.caririemacao.com\/\">caririemacao.com<\/a>, siga nossa p\u00e1gina no\u00a0<a href=\"https:\/\/www.facebook.com\/CaririEmAcao\/?ref=aymt_homepage_panel\">Facebook<\/a>,\u00a0<a href=\"https:\/\/www.instagram.com\/cariri_em_acao\/?hl=pt-br\">Instagram<\/a>\u00a0e\u00a0<a href=\"https:\/\/www.youtube.com\/channel\/UCAptA0jQuYQy8vMhLt2m4qg\">Youtube<\/a>\u00a0e veja nossas mat\u00e9rias, v\u00eddeos e fotos. Voc\u00ea tamb\u00e9m pode enviar informa\u00e7\u00f5es \u00e0 Reda\u00e7\u00e3o do Portal Cariri em A\u00e7\u00e3o pelo WhatsApp (83) 9 9634.5791, (83) 9 9601-1162.<\/strong><\/p>\n","protected":false},"excerpt":{"rendered":"<p>O grupo R&amp;D Supermercado estar\u00e1 na manh\u00e3 desta quinta-feira, dia 18, inaugurando a sua mais nova unidade, desta vez, na cidade de Amparo. O empres\u00e1rio&hellip; <\/p>\n","protected":false},"author":2,"featured_media":37765,"comment_status":"closed","ping_status":"closed","sticky":false,"template":"","format":"standard","meta":{"sfsi_plus_gutenberg_text_before_share":"","sfsi_plus_gutenberg_show_text_before_share":"","sfsi_plus_gutenberg_icon_type":"","sfsi_plus_gutenberg_icon_alignemt":"","sfsi_plus_gutenburg_max_per_row":"","footnotes":""},"categories":[6],"tags":[],"class_list":["post-37764","post","type-post","status-publish","format-standard","has-post-thumbnail","hentry","category-cidades"],"_links":{"self":[{"href":"https:\/\/www.caririemacao.com\/1\/wp-json\/wp\/v2\/posts\/37764","targetHints":{"allow":["GET"]}}],"collection":[{"href":"https:\/\/www.caririemacao.com\/1\/wp-json\/wp\/v2\/posts"}],"about":[{"href":"https:\/\/www.caririemacao.com\/1\/wp-json\/wp\/v2\/types\/post"}],"author":[{"embeddable":true,"href":"https:\/\/www.caririemacao.com\/1\/wp-json\/wp\/v2\/users\/2"}],"replies":[{"embeddable":true,"href":"https:\/\/www.caririemacao.com\/1\/wp-json\/wp\/v2\/comments?post=37764"}],"version-history":[{"count":0,"href":"https:\/\/www.caririemacao.com\/1\/wp-json\/wp\/v2\/posts\/37764\/revisions"}],"wp:featuredmedia":[{"embeddable":true,"href":"https:\/\/www.caririemacao.com\/1\/wp-json\/wp\/v2\/media\/37765"}],"wp:attachment":[{"href":"https:\/\/www.caririemacao.com\/1\/wp-json\/wp\/v2\/media?parent=37764"}],"wp:term":[{"taxonomy":"category","embeddable":true,"href":"https:\/\/www.caririemacao.com\/1\/wp-json\/wp\/v2\/categories?post=37764"},{"taxonomy":"post_tag","embeddable":true,"href":"https:\/\/www.caririemacao.com\/1\/wp-json\/wp\/v2\/tags?post=37764"}],"curies":[{"name":"wp","href":"https:\/\/api.w.org\/{rel}","templated":true}]}}