{"id":37768,"date":"2018-01-18T05:49:29","date_gmt":"2018-01-18T08:49:29","guid":{"rendered":"http:\/\/caririemacao.com\/1\/?p=37768"},"modified":"2018-01-18T06:04:03","modified_gmt":"2018-01-18T09:04:03","slug":"trf-4-divulga-esquema-para-que-autoridades-assistam-julgamento-de-lula","status":"publish","type":"post","link":"https:\/\/www.caririemacao.com\/1\/2018\/01\/18\/trf-4-divulga-esquema-para-que-autoridades-assistam-julgamento-de-lula\/","title":{"rendered":"TRF-4 divulga esquema para que autoridades assistam julgamento de Lula"},"content":{"rendered":"<p>O Tribunal Regional Federal da 4\u00aa Regi\u00e3o (TRF-4) divulgou, na noite desta quarta-feira (17\/1), as regras de credenciamento para as autoridades que desejam acompanhar o julgamento do ex-presidente Lula, na pr\u00f3xima semana, na sede da Corte, em Porto Alegre (RS).<\/p>\n<p>Assim como jornalistas, pol\u00edticos e desembargadores tamb\u00e9m ter\u00e3o de assistir \u00e0 sess\u00e3o por meio de um tel\u00e3o. Na sala da 8\u00aa Turma s\u00f3 ser\u00e1 permitida a presen\u00e7a dos magistrados que v\u00e3o analisar o caso e dos representantes das defesas e do Minist\u00e9rio P\u00fablico Federal (MPF).<\/p>\n<p>Ser\u00e3o disponibilizadas 30 vagas para as autoridades que\u00a0quiserem acompanhar o julgamento. Caso haja mais interessados que o n\u00famero estipulado, o TRF-4 vai usar os seguintes crit\u00e9rios de prioridade: l\u00edderes de partidos na C\u00e2mara e no Senado, chefes de poderes estaduais (governadores, presidentes de assembleias e presidente de tribunais estaduais) e presidentes de tribunais federais.<\/p>\n<p><strong>Restri\u00e7\u00f5es<br \/>\n<\/strong>Ser\u00e1 proibido\u00a0o acesso ou presen\u00e7a de assessores, seguran\u00e7a pessoais e\/ou motoristas. Os ve\u00edculos das autoridades ter\u00e3o de ficar estacionados em local a ser indicado pelas for\u00e7as de seguran\u00e7a p\u00fablica.\u00a0O\u00a0modelo e as placas do ve\u00edculo\u00a0tamb\u00e9m precisam ser informados.<\/p>\n<p>Segundo a Corte, os motivos para as restri\u00e7\u00f5es s\u00e3o \u201climita\u00e7\u00f5es de espa\u00e7o f\u00edsico e quest\u00f5es de seguran\u00e7a\u201d.<\/p>\n<p>O julgamento est\u00e1 marcado para as 8h30 do pr\u00f3ximo dia 24. Durante a sess\u00e3o ser\u00e3o analisados recursos interpostos pelo Minist\u00e9rio P\u00fablico Federal e pela defesa do ex-presidente Lula, condenado em primeira inst\u00e2ncia pelos crimes de corrup\u00e7\u00e3o passiva e lavagem de dinheiro.<\/p>\n<p>A acusa\u00e7\u00e3o pede o aumento da pena e a defesa, a absolvi\u00e7\u00e3o. O petista foi sentenciado pelo juiz S\u00e9rgio Moro em julho. Ele \u00e9 acusado de beneficiar a construtora OAS em contratos com a Petrobras. Em troca, teria recebido um apartamento em Guaruj\u00e1, no litoral de S\u00e3o Paulo, e a empresa teria pago um dep\u00f3sito para armazenar parte de seu acervo pessoal.<\/p>\n<p><strong>CARIRI EM A\u00c7\u00c3O<\/strong><\/p>\n<p><em>Com Metr\u00f3poles\/Foto: Reprodu\u00e7\u00e3o Internet<\/em><\/p>\n<p><strong>Leia mais not\u00edcias em\u00a0<\/strong><a href=\"http:\/\/www.caririemacao.com\/\"><strong>caririemacao.com<\/strong><\/a><strong>, siga nossa p\u00e1gina no\u00a0<\/strong><a href=\"https:\/\/www.facebook.com\/CaririEmAcao\/?ref=aymt_homepage_panel\"><strong>Facebook<\/strong><\/a>,<strong>\u00a0<\/strong><a href=\"https:\/\/www.instagram.com\/cariri_em_acao\/?hl=pt-br\"><strong>Instagram<\/strong><\/a><strong>\u00a0e\u00a0<\/strong><a href=\"https:\/\/www.youtube.com\/channel\/UCAptA0jQuYQy8vMhLt2m4qg\"><strong>Youtube<\/strong><\/a><strong>\u00a0e veja nossas mat\u00e9rias, v\u00eddeos e fotos. Voc\u00ea tamb\u00e9m pode enviar informa\u00e7\u00f5es \u00e0 Reda\u00e7\u00e3o do Portal Cariri em A\u00e7\u00e3o pelo WhatsApp (83) 9 9634.5791, (83) 9 9601-1162.<\/strong><\/p>\n","protected":false},"excerpt":{"rendered":"<p>O Tribunal Regional Federal da 4\u00aa Regi\u00e3o (TRF-4) divulgou, na noite desta quarta-feira (17\/1), as regras de credenciamento para as autoridades que desejam acompanhar o&hellip; <\/p>\n","protected":false},"author":2,"featured_media":14131,"comment_status":"closed","ping_status":"closed","sticky":false,"template":"","format":"standard","meta":{"sfsi_plus_gutenberg_text_before_share":"","sfsi_plus_gutenberg_show_text_before_share":"","sfsi_plus_gutenberg_icon_type":"","sfsi_plus_gutenberg_icon_alignemt":"","sfsi_plus_gutenburg_max_per_row":"","footnotes":""},"categories":[11],"tags":[],"class_list":["post-37768","post","type-post","status-publish","format-standard","has-post-thumbnail","hentry","category-politica"],"_links":{"self":[{"href":"https:\/\/www.caririemacao.com\/1\/wp-json\/wp\/v2\/posts\/37768","targetHints":{"allow":["GET"]}}],"collection":[{"href":"https:\/\/www.caririemacao.com\/1\/wp-json\/wp\/v2\/posts"}],"about":[{"href":"https:\/\/www.caririemacao.com\/1\/wp-json\/wp\/v2\/types\/post"}],"author":[{"embeddable":true,"href":"https:\/\/www.caririemacao.com\/1\/wp-json\/wp\/v2\/users\/2"}],"replies":[{"embeddable":true,"href":"https:\/\/www.caririemacao.com\/1\/wp-json\/wp\/v2\/comments?post=37768"}],"version-history":[{"count":0,"href":"https:\/\/www.caririemacao.com\/1\/wp-json\/wp\/v2\/posts\/37768\/revisions"}],"wp:featuredmedia":[{"embeddable":true,"href":"https:\/\/www.caririemacao.com\/1\/wp-json\/wp\/v2\/media\/14131"}],"wp:attachment":[{"href":"https:\/\/www.caririemacao.com\/1\/wp-json\/wp\/v2\/media?parent=37768"}],"wp:term":[{"taxonomy":"category","embeddable":true,"href":"https:\/\/www.caririemacao.com\/1\/wp-json\/wp\/v2\/categories?post=37768"},{"taxonomy":"post_tag","embeddable":true,"href":"https:\/\/www.caririemacao.com\/1\/wp-json\/wp\/v2\/tags?post=37768"}],"curies":[{"name":"wp","href":"https:\/\/api.w.org\/{rel}","templated":true}]}}