{"id":37771,"date":"2018-01-18T06:01:07","date_gmt":"2018-01-18T09:01:07","guid":{"rendered":"http:\/\/caririemacao.com\/1\/?p=37771"},"modified":"2018-01-18T06:01:07","modified_gmt":"2018-01-18T09:01:07","slug":"conheca-os-desembargadores-que-vao-julgar-o-ex-presidente-lula","status":"publish","type":"post","link":"https:\/\/www.caririemacao.com\/1\/2018\/01\/18\/conheca-os-desembargadores-que-vao-julgar-o-ex-presidente-lula\/","title":{"rendered":"Conhe\u00e7a os desembargadores que v\u00e3o julgar o ex-presidente Lula"},"content":{"rendered":"<p>No dia 24 de janeiro, os tr\u00eas desembargadores que comp\u00f5em a 8\u00aa Turma do Tribunal Regional Federal da 4\u00aa Regi\u00e3o (TRF-4) ter\u00e3o sobre\u00a0seus ombros a mais importante miss\u00e3o desde o in\u00edcio da Opera\u00e7\u00e3o Lava Jato: o julgamento do ex-presidente Luiz In\u00e1cio Lula da Silva (PT). E, com base nas an\u00e1lises de decis\u00f5es anteriores, o progn\u00f3stico n\u00e3o \u00e9 bom para o petista.<\/p>\n<p>A turma, uma das especializadas em direito penal da Corte e respons\u00e1vel por analisar\u00a0recursos da maior opera\u00e7\u00e3o contra a corrup\u00e7\u00e3o no Brasil, tem fama de ser mais dura que o juiz S\u00e9rgio Moro.<\/p>\n<p>O presidente da 8\u00aa Turma \u00e9 o desembargador federal Leandro Paulsen, 47 anos. Formado em direito pela\u00a0Pontif\u00edcia Universidade Cat\u00f3lica do Rio Grande do Sul (PUC-RS), possui mestrado pela universidade federal do mesmo estado (UFRGS) e fez doutorado na Universidad de Salamanca, na Espanha.<\/p>\n<p>Atua como desembargador no TRF-4 desde 2013, por indica\u00e7\u00e3o da ex-presidente Dilma Rousseff. O ga\u00facho de Porto Alegre foi promovido pelo crit\u00e9rio de antiguidade e passou a ocupar a vaga da desembargadora aposentada Maria L\u00facia Luz Leiria. Trabalhou ainda como juiz federal na Corte, entre 1993 e 2013, e antes disso foi procurador da Fazenda Nacional.<\/p>\n<p><a href=\"http:\/\/caririemacao.com\/1\/wp-content\/uploads\/2018\/01\/35283488062_f478db42ee_k.jpg\"><img fetchpriority=\"high\" decoding=\"async\" class=\"aligncenter size-full wp-image-37774\" src=\"http:\/\/caririemacao.com\/1\/wp-content\/uploads\/2018\/01\/35283488062_f478db42ee_k.jpg\" alt=\"\" width=\"840\" height=\"496\" srcset=\"https:\/\/www.caririemacao.com\/1\/wp-content\/uploads\/2018\/01\/35283488062_f478db42ee_k.jpg 840w, https:\/\/www.caririemacao.com\/1\/wp-content\/uploads\/2018\/01\/35283488062_f478db42ee_k-300x177.jpg 300w, https:\/\/www.caririemacao.com\/1\/wp-content\/uploads\/2018\/01\/35283488062_f478db42ee_k-768x453.jpg 768w\" sizes=\"(max-width: 840px) 100vw, 840px\" \/><\/a>Desembargador Leandro Paulsen, presidente da 8\u00aa Turma do TRF-4<\/p>\n<p>Em 2014, foi indicado pela Associa\u00e7\u00e3o dos Ju\u00edzes Federais (Ajufe), junto com S\u00e9rgio Moro, \u00e0 vaga do ex-ministro Joaquim Barbosa no Supremo Tribunal Federal (STF). Mesmo sendo o mais novo entre os tr\u00eas desembargadores da 8\u00aa Turma, Paulsen \u00e9 considerado uma esp\u00e9cie de linha-dura moderado na an\u00e1lise dos recursos.<\/p>\n<p>Em setembro do ano passado, por exemplo, foi um dos dois desembargadores que votou pelo aumento da pena do ex-ministro Jos\u00e9 Dirceu no \u00e2mbito da Lava Jato, de 20 para 30 anos de pris\u00e3o. Em junho, contudo, divergiu do relator e votou pela absolvi\u00e7\u00e3o do ex-tesoureiro do PT, Jo\u00e3o Vaccari Neto. O entendimento foi o vencedor na turma e levou \u00e0 reforma da senten\u00e7a de primeira inst\u00e2ncia.<\/p>\n<p><strong>Relator<\/strong><br \/>\nJ\u00e1 o relator dos processos da opera\u00e7\u00e3o \u00e9 o desembargador federal Jo\u00e3o Pedro Gebran Neto, 52 anos. Cai sobre ele a responsabilidade de apresentar os relat\u00f3rios dos processos da Lava Jato que chegam \u00e0 segunda inst\u00e2ncia. Original de Curitiba (PR), graduou-se em direito pela universidade federal do Paran\u00e1 (UFPR). Tamb\u00e9m atua como desembargador no TRF-4 desde 2013, por indica\u00e7\u00e3o da ex-presidente Dilma Rousseff, na mesma leva que promoveu o magistrado Leandro Paulsen.<\/p>\n<p>Antes de subir ao\u00a0cargo, foi juiz federal no Paran\u00e1. O desembargador tem sido o principal alvo de cr\u00edticas do PT, partido de Lula, principalmente por sua declarada amizade com o juiz S\u00e9rgio Moro. Em 2016, a defesa do ex-presidente ajuizou um pedido de suspei\u00e7\u00e3o do magistrado junto ao Superior Tribunal de Justi\u00e7a (STJ).<\/p>\n<p><a href=\"http:\/\/caririemacao.com\/1\/wp-content\/uploads\/2018\/01\/25764502788_1918052f9e_k.jpg\"><img decoding=\"async\" class=\"aligncenter size-full wp-image-37773 lazyload\" data-src=\"http:\/\/caririemacao.com\/1\/wp-content\/uploads\/2018\/01\/25764502788_1918052f9e_k.jpg\" alt=\"\" width=\"840\" height=\"622\" data-srcset=\"https:\/\/www.caririemacao.com\/1\/wp-content\/uploads\/2018\/01\/25764502788_1918052f9e_k.jpg 840w, https:\/\/www.caririemacao.com\/1\/wp-content\/uploads\/2018\/01\/25764502788_1918052f9e_k-300x222.jpg 300w, https:\/\/www.caririemacao.com\/1\/wp-content\/uploads\/2018\/01\/25764502788_1918052f9e_k-768x569.jpg 768w\" data-sizes=\"(max-width: 840px) 100vw, 840px\" src=\"data:image\/svg+xml;base64,PHN2ZyB3aWR0aD0iMSIgaGVpZ2h0PSIxIiB4bWxucz0iaHR0cDovL3d3dy53My5vcmcvMjAwMC9zdmciPjwvc3ZnPg==\" style=\"--smush-placeholder-width: 840px; --smush-placeholder-aspect-ratio: 840\/622;\" \/><\/a>Desembargador Jo\u00e3o Pedro Gebran Neto, relator dos processos da Lava Jato no TRF-4<\/p>\n<p>A den\u00fancia foi guarnecida por trecho de um livro escrito por Gebran Neto em 2008. Nos agradecimentos da obra, o desembargador afirma que, durante o curso de mestrado, encontrou em S\u00e9rgio Moro \u201cum amigo\u201d. \u201cHomem culto e perspicaz, emprestou sua intelig\u00eancia aos mais importantes debates travados em sala de aula. Nossa afinidade e amizade s\u00f3 fizeram crescer nesse per\u00edodo\u201d, afirma na\u00a0publica\u00e7\u00e3o.<\/p>\n<p>O pedido da defesa, no entanto, foi negado pelo STJ em junho do ano passado. Ao\u00a0julgar o caso, o ministro Felix Fischer nem deu conhecimento ao agravo, por acreditar que ele n\u00e3o possu\u00eda os requisitos necess\u00e1rios para ser analisado.<\/p>\n<p><strong>Laus<\/strong><br \/>\nO \u00faltimo integrante da 8\u00aa Turma \u00e9 o desembargador\u00a0Victor Luiz dos Santos Laus, 54. No TRF-4 desde 2003, por indica\u00e7\u00e3o do ex-presidente Fernando Henrique Cardoso, \u00e9 conhecido por ser reservado e pelo jeito met\u00f3dico. Natural de Joa\u00e7aba (SC), \u00e9 formado em direito pela Universidade Federal de Santa Catarina (UFSC).<\/p>\n<p><a href=\"http:\/\/caririemacao.com\/1\/wp-content\/uploads\/2018\/01\/35535482416_c261228a4e_k.jpg\"><img decoding=\"async\" class=\"aligncenter size-full wp-image-37772 lazyload\" data-src=\"http:\/\/caririemacao.com\/1\/wp-content\/uploads\/2018\/01\/35535482416_c261228a4e_k.jpg\" alt=\"\" width=\"840\" height=\"496\" data-srcset=\"https:\/\/www.caririemacao.com\/1\/wp-content\/uploads\/2018\/01\/35535482416_c261228a4e_k.jpg 840w, https:\/\/www.caririemacao.com\/1\/wp-content\/uploads\/2018\/01\/35535482416_c261228a4e_k-300x177.jpg 300w, https:\/\/www.caririemacao.com\/1\/wp-content\/uploads\/2018\/01\/35535482416_c261228a4e_k-768x453.jpg 768w\" data-sizes=\"(max-width: 840px) 100vw, 840px\" src=\"data:image\/svg+xml;base64,PHN2ZyB3aWR0aD0iMSIgaGVpZ2h0PSIxIiB4bWxucz0iaHR0cDovL3d3dy53My5vcmcvMjAwMC9zdmciPjwvc3ZnPg==\" style=\"--smush-placeholder-width: 840px; --smush-placeholder-aspect-ratio: 840\/496;\" \/><\/a>Desembargador Victor Luiz dos Santos Laus, integrante da 8\u00aa Turma do TRF-4<\/p>\n<p>Fez parte do Minist\u00e9rio P\u00fablico do estado na coordena\u00e7\u00e3o de promotorias criminais e, antes de atuar como desembargador, integrou o Minist\u00e9rio P\u00fablico Federal. Quando h\u00e1 pedidos de vista nos processos da Lava Jato, o magistrado Laus \u00e9 geralmente o respons\u00e1vel. Como n\u00e3o \u00e9 relator nem revisor dos casos, costuma ser o \u00fanico que, em alguns casos, precisa de mais tempo para proferir o voto.<\/p>\n<p><strong>Julgamento<\/strong><br \/>\nO julgamento do ex-presidente Lula est\u00e1 marcado para a pr\u00f3xima quarta-feira (24\/1), na sede do Tribunal Regional Federal da 4\u00aa Regi\u00e3o (TRF-4), em Porto Alegre. A sess\u00e3o n\u00e3o ser\u00e1 transmitida ao vivo. Os desembargadores v\u00e3o analisar recurso da defesa do petista, condenado pelo juiz S\u00e9rgio Moro a 9 anos e\u00a06 meses de pris\u00e3o pelos crimes de corrup\u00e7\u00e3o passiva e lavagem de dinheiro.<\/p>\n<p>Segundo a acusa\u00e7\u00e3o, o ex-presidente beneficiou a construtora OAS em contratos com a Petrobras. Em troca, teria recebido, principalmente, um apartamento triplex em Guaruj\u00e1, no litoral de S\u00e3o Paulo. A defesa nega as den\u00fancias e pede a absolvi\u00e7\u00e3o do petista.<\/p>\n<p>Durante a sess\u00e3o, os desembargadores tamb\u00e9m\u00a0v\u00e3o julgar recurso do Minist\u00e9rio P\u00fablico Federal (MPF) que pede o aumento da pena do ex-presidente. Al\u00e9m da an\u00e1lise do processo de Lula, ser\u00e3o avaliadas apela\u00e7\u00f5es referentes a outros seis r\u00e9us na a\u00e7\u00e3o, entre eles o ex-presidente da construtora OAS Jos\u00e9 Aldemario Pinheiro Filho, o L\u00e9o Pinheiro.<\/p>\n<p><strong>CARIRI EM A\u00c7\u00c3O<\/strong><\/p>\n<p><em>Com Metr\u00f3poles\/Foto:\u00a0Metr\u00f3poles<\/em><\/p>\n<p><strong>Leia mais not\u00edcias em\u00a0<\/strong><a href=\"http:\/\/www.caririemacao.com\/\"><strong>caririemacao.com<\/strong><\/a><strong>, siga nossa p\u00e1gina no\u00a0<\/strong><a href=\"https:\/\/www.facebook.com\/CaririEmAcao\/?ref=aymt_homepage_panel\"><strong>Facebook<\/strong><\/a>,<strong>\u00a0<\/strong><a href=\"https:\/\/www.instagram.com\/cariri_em_acao\/?hl=pt-br\"><strong>Instagram<\/strong><\/a><strong>\u00a0e\u00a0<\/strong><a href=\"https:\/\/www.youtube.com\/channel\/UCAptA0jQuYQy8vMhLt2m4qg\"><strong>Youtube<\/strong><\/a><strong>\u00a0e veja nossas mat\u00e9rias, v\u00eddeos e fotos. Voc\u00ea tamb\u00e9m pode enviar informa\u00e7\u00f5es \u00e0 Reda\u00e7\u00e3o do Portal Cariri em A\u00e7\u00e3o pelo WhatsApp (83) 9 9634.5791, (83) 9 9601-1162.<\/strong><\/p>\n","protected":false},"excerpt":{"rendered":"<p>No dia 24 de janeiro, os tr\u00eas desembargadores que comp\u00f5em a 8\u00aa Turma do Tribunal Regional Federal da 4\u00aa Regi\u00e3o (TRF-4) ter\u00e3o sobre\u00a0seus ombros a&hellip; <\/p>\n","protected":false},"author":2,"featured_media":37775,"comment_status":"closed","ping_status":"closed","sticky":false,"template":"","format":"standard","meta":{"sfsi_plus_gutenberg_text_before_share":"","sfsi_plus_gutenberg_show_text_before_share":"","sfsi_plus_gutenberg_icon_type":"","sfsi_plus_gutenberg_icon_alignemt":"","sfsi_plus_gutenburg_max_per_row":"","footnotes":""},"categories":[11],"tags":[],"class_list":["post-37771","post","type-post","status-publish","format-standard","has-post-thumbnail","hentry","category-politica"],"_links":{"self":[{"href":"https:\/\/www.caririemacao.com\/1\/wp-json\/wp\/v2\/posts\/37771","targetHints":{"allow":["GET"]}}],"collection":[{"href":"https:\/\/www.caririemacao.com\/1\/wp-json\/wp\/v2\/posts"}],"about":[{"href":"https:\/\/www.caririemacao.com\/1\/wp-json\/wp\/v2\/types\/post"}],"author":[{"embeddable":true,"href":"https:\/\/www.caririemacao.com\/1\/wp-json\/wp\/v2\/users\/2"}],"replies":[{"embeddable":true,"href":"https:\/\/www.caririemacao.com\/1\/wp-json\/wp\/v2\/comments?post=37771"}],"version-history":[{"count":0,"href":"https:\/\/www.caririemacao.com\/1\/wp-json\/wp\/v2\/posts\/37771\/revisions"}],"wp:featuredmedia":[{"embeddable":true,"href":"https:\/\/www.caririemacao.com\/1\/wp-json\/wp\/v2\/media\/37775"}],"wp:attachment":[{"href":"https:\/\/www.caririemacao.com\/1\/wp-json\/wp\/v2\/media?parent=37771"}],"wp:term":[{"taxonomy":"category","embeddable":true,"href":"https:\/\/www.caririemacao.com\/1\/wp-json\/wp\/v2\/categories?post=37771"},{"taxonomy":"post_tag","embeddable":true,"href":"https:\/\/www.caririemacao.com\/1\/wp-json\/wp\/v2\/tags?post=37771"}],"curies":[{"name":"wp","href":"https:\/\/api.w.org\/{rel}","templated":true}]}}