{"id":37777,"date":"2018-01-18T06:09:15","date_gmt":"2018-01-18T09:09:15","guid":{"rendered":"http:\/\/caririemacao.com\/1\/?p=37777"},"modified":"2018-01-18T06:09:15","modified_gmt":"2018-01-18T09:09:15","slug":"ultimato-tucano-militantes-tem-ate-esta-quinta-para-deixar-gdf","status":"publish","type":"post","link":"https:\/\/www.caririemacao.com\/1\/2018\/01\/18\/ultimato-tucano-militantes-tem-ate-esta-quinta-para-deixar-gdf\/","title":{"rendered":"Ultimato tucano: militantes t\u00eam at\u00e9 esta quinta para deixar GDF"},"content":{"rendered":"<p>Termina nesta quinta-feira (18\/1) o prazo para os integrantes do Partido da Social Democracia do Brasil (PSDB) empregados\u00a0no Governo do Distrito Federal (GDF) deixarem as fun\u00e7\u00f5es p\u00fablicas ou comunicarem \u00e0 sigla o afastamento tempor\u00e1rio das atividades partid\u00e1rias. Ap\u00f3s e-mail redistribu\u00eddo nesta semana aos tucanos nomeados na administra\u00e7\u00e3o distrital, o presidente da regional da legenda, deputado federal Izalci Lucas,\u00a0garante\u00a0que levar\u00e1 os desobedientes ao Conselho de \u00c9tica do partido, j\u00e1 a partir desta sexta-feira (19).<\/p>\n<p>Um dos principais alvos da investida \u00e9 a ex-governadora e atual secret\u00e1ria de Projetos Estrat\u00e9gicos do GDF, Maria de Lourdes Abadia. Ela \u00e9 acusada de descumprir decis\u00f5es locais da sigla ao ingressar no governo do socialista \u00e0 frente do Distrito Federal.<\/p>\n<p>Fundadora do PSDB, a tucana minimiza a press\u00e3o de Izalci. \u201cEu n\u00e3o estaria no governo se n\u00e3o fosse por um consentimento da Executiva Nacional. S\u00f3 aceitei o convite de integrar o GDF ap\u00f3s consultar o presidente [nacional da sigla], Geraldo Alckmin, sobre a poss\u00edvel alian\u00e7a com o PSB [Partido Socialista Brasileiro]\u201d, afirmou. O governador de S\u00e3o Paulo \u00e9 o atual comandante nacional dos tucanos.<\/p>\n<p>O vice-governador de Alckmin \u00e9 M\u00e1rcio Fran\u00e7a,\u00a0filiado ao PSB-SP. Com a poss\u00edvel candidatura do tucano \u00e0 Presid\u00eancia da Rep\u00fablica, Fran\u00e7a \u00e9 cotado como natural sucessor do presidenci\u00e1vel ao Pal\u00e1cio dos Bandeirantes, numa poss\u00edvel alian\u00e7a com o PSDB. Segundo Abadia, \u00e9 em nome dessa aproxima\u00e7\u00e3o que houve a conversa com o governo de Rollemberg. \u201cTenho compromisso com o Alckmin, que \u00e9 mais do que meu candidato: \u00e9 meu amigo\u201d, garante.<\/p>\n<p>Izalci descarta qualquer chance de um acordo com o atual chefe do Executivo distrital, ao sustentar que n\u00e3o h\u00e1 delibera\u00e7\u00e3o nacional, segundo ele, para sinalizar essa alian\u00e7a. Pretenso candidato ao Pal\u00e1cio do Buriti, o parlamentar defende o imediato afastamento de tucanos da gest\u00e3o socialista. \u201cN\u00f3s n\u00e3o temos inten\u00e7\u00e3o de expulsar ningu\u00e9m, nem que filiados fiquem sem trabalho nesta \u00e9poca de crise. A \u00fanica coisa que n\u00e3o queremos \u00e9 que as pessoas estejam no governo em nome do partido\u201d, diz.<\/p>\n<p>Segundo\u00a0Lucas, com o vencimento do prazo dado pela sigla, o Conselho de \u00c9tica notificar\u00e1 os filiados, para que se defendam do suposto descumprimento da orienta\u00e7\u00e3o partid\u00e1ria. O prazo foi determinado pela Executiva Regional da\u00a0legenda, em documento expedido em dezembro do ano passado.\u201cO importante agora \u00e9 que o conselho de \u00e9tica tem um prazo para analisar cada caso. Se n\u00e3o tiver manifesta\u00e7\u00e3o alguma, os processos ter\u00e3o andamento at\u00e9 chegarem na Executiva, que \u00e9 soberana.\u201d<\/p>\n<p>Coincidentemente, o prazo estipulado por Izalci Lucas para o desembarque dos tucanos brasilienses do GDF ocorre no mesmo dia em que outra militante assume uma secretaria de governo: Ilda Peliz ser\u00e1 empossada nesta quinta-feira como\u00a0secret\u00e1ria de Trabalho, Desenvolvimento Social, Mulheres, Igualdade Racial e Direitos Humanos do Distrito Federal (Sedestmidh).<\/p>\n<p>A chegada dela ao Executivo local tamb\u00e9m foi alvo de duras cr\u00edticas do presidente regional da legenda. \u201cQuem fala pelo PSDB \u00e9 o presidente e a Executiva, n\u00e3o dissidentes. O PSDB n\u00e3o indicou ningu\u00e9m, porque somos oposi\u00e7\u00e3o ao governo. Isso, sim, est\u00e1 decidido\u201d, frisou Izalci.<\/p>\n<p>\u201cN\u00e3o sou candidata a nada\u201d<br \/>\nAo contr\u00e1rio dos rumores sobre uma poss\u00edvel composi\u00e7\u00e3o com Maria de Lourdes Abadia, a ex-governadora descartou a possibilidade de ser candidata a vice-governadora do Distrito Federal em uma poss\u00edvel chapa de reelei\u00e7\u00e3o de Rollemberg. A tucana justifica a decis\u00e3o pelo cansa\u00e7o acumulado nos \u00faltimos anos.<\/p>\n<p>\u201cN\u00e3o tem essa conversa de ser vice, nunca teve. Se sou candidata a algo, sou candidata a ajudar na elei\u00e7\u00e3o nacional do Alckmin. E s\u00f3\u201d, garantiu. Abadia diz ainda n\u00e3o saber se deixar\u00e1 o cargo p\u00fablico em abril. \u201cVamos saber disso mais para frente. Mas n\u00e3o sou candidata a nada.\u201d<\/p>\n<p>Na quarta-feira (17), os governadores Rodrigo Rollemberg e Geraldo Alckmin almo\u00e7aram juntos na Resid\u00eancia Oficial de \u00c1guas Claras. Durante a conversa, os dois gestores trataram de pol\u00edtica nacional e local, para avaliar as possibilidades de\u00a0cen\u00e1rios e composi\u00e7\u00f5es. Rollemberg solicitou apoio do poss\u00edvel aliado para apaziguar o clima\u00a0de calor\u00a0no tucanato local. Alckmin se comprometeu a conversar com Izalci nos pr\u00f3ximos dias.<\/p>\n<p>Questionada sobre o encontro dos governadores, Abadia informou n\u00e3o ter sido comunicada oficialmente sobre a conversa. No entanto, reconheceu a necessidade de se encontrar o consenso no ninho tucano e disse que, para isso, qualquer tipo de apoio \u00e9 bem-vindo. \u201cTemos pedido um encontro com ele [Alckmin] para resolver essa quest\u00e3o. Tenho que ver esse documento que recebi por\u00a0e-mail. Preciso saber o que vou fazer\u201d, encerrou.<\/p>\n<p><strong>CARIRI EM A\u00c7\u00c3O<\/strong><\/p>\n<p><em>Com Metr\u00f3poles\/Foto:\u00a0Metr\u00f3poles<\/em><\/p>\n<p><strong>Leia mais not\u00edcias em\u00a0<\/strong><a href=\"http:\/\/www.caririemacao.com\/\"><strong>caririemacao.com<\/strong><\/a><strong>, siga nossa p\u00e1gina no\u00a0<\/strong><a href=\"https:\/\/www.facebook.com\/CaririEmAcao\/?ref=aymt_homepage_panel\"><strong>Facebook<\/strong><\/a>,<strong>\u00a0<\/strong><a href=\"https:\/\/www.instagram.com\/cariri_em_acao\/?hl=pt-br\"><strong>Instagram<\/strong><\/a><strong>\u00a0e\u00a0<\/strong><a href=\"https:\/\/www.youtube.com\/channel\/UCAptA0jQuYQy8vMhLt2m4qg\"><strong>Youtube<\/strong><\/a><strong>\u00a0e veja nossas mat\u00e9rias, v\u00eddeos e fotos. Voc\u00ea tamb\u00e9m pode enviar informa\u00e7\u00f5es \u00e0 Reda\u00e7\u00e3o do Portal Cariri em A\u00e7\u00e3o pelo WhatsApp (83) 9 9634.5791, (83) 9 9601-1162.<\/strong><\/p>\n<p>&nbsp;<\/p>\n","protected":false},"excerpt":{"rendered":"<p>Termina nesta quinta-feira (18\/1) o prazo para os integrantes do Partido da Social Democracia do Brasil (PSDB) empregados\u00a0no Governo do Distrito Federal (GDF) deixarem as&hellip; <\/p>\n","protected":false},"author":2,"featured_media":37778,"comment_status":"closed","ping_status":"closed","sticky":false,"template":"","format":"standard","meta":{"sfsi_plus_gutenberg_text_before_share":"","sfsi_plus_gutenberg_show_text_before_share":"","sfsi_plus_gutenberg_icon_type":"","sfsi_plus_gutenberg_icon_alignemt":"","sfsi_plus_gutenburg_max_per_row":"","footnotes":""},"categories":[11],"tags":[],"class_list":["post-37777","post","type-post","status-publish","format-standard","has-post-thumbnail","hentry","category-politica"],"_links":{"self":[{"href":"https:\/\/www.caririemacao.com\/1\/wp-json\/wp\/v2\/posts\/37777","targetHints":{"allow":["GET"]}}],"collection":[{"href":"https:\/\/www.caririemacao.com\/1\/wp-json\/wp\/v2\/posts"}],"about":[{"href":"https:\/\/www.caririemacao.com\/1\/wp-json\/wp\/v2\/types\/post"}],"author":[{"embeddable":true,"href":"https:\/\/www.caririemacao.com\/1\/wp-json\/wp\/v2\/users\/2"}],"replies":[{"embeddable":true,"href":"https:\/\/www.caririemacao.com\/1\/wp-json\/wp\/v2\/comments?post=37777"}],"version-history":[{"count":0,"href":"https:\/\/www.caririemacao.com\/1\/wp-json\/wp\/v2\/posts\/37777\/revisions"}],"wp:featuredmedia":[{"embeddable":true,"href":"https:\/\/www.caririemacao.com\/1\/wp-json\/wp\/v2\/media\/37778"}],"wp:attachment":[{"href":"https:\/\/www.caririemacao.com\/1\/wp-json\/wp\/v2\/media?parent=37777"}],"wp:term":[{"taxonomy":"category","embeddable":true,"href":"https:\/\/www.caririemacao.com\/1\/wp-json\/wp\/v2\/categories?post=37777"},{"taxonomy":"post_tag","embeddable":true,"href":"https:\/\/www.caririemacao.com\/1\/wp-json\/wp\/v2\/tags?post=37777"}],"curies":[{"name":"wp","href":"https:\/\/api.w.org\/{rel}","templated":true}]}}