{"id":37783,"date":"2018-01-18T06:23:53","date_gmt":"2018-01-18T09:23:53","guid":{"rendered":"http:\/\/caririemacao.com\/1\/?p=37783"},"modified":"2018-01-18T06:23:53","modified_gmt":"2018-01-18T09:23:53","slug":"prefeitura-de-monteiro-convoca-novos-aprovados-em-concurso-publico","status":"publish","type":"post","link":"https:\/\/www.caririemacao.com\/1\/2018\/01\/18\/prefeitura-de-monteiro-convoca-novos-aprovados-em-concurso-publico\/","title":{"rendered":"Prefeitura de Monteiro convoca novos aprovados em concurso p\u00fablico"},"content":{"rendered":"<p>A Prefeitura de Monteiro publicou na tarde da quarta-feira, dia 17 de janeiro, o edital de convoca\u00e7\u00e3o de posse referente ao processo seletivo do Concurso P\u00fablico n.\u00ba 001\/2017, cujas provas foram realizadas no dia 02 de agosto e homologado atrav\u00e9s do Decreto n\u00ba 1.035?2017, de 27 de dezembro de 2017.<\/p>\n<p>Neste edital foram convocados os aprovados para diversos cargos como Fiscal de Obras, Secret\u00e1rio Escolar, Agentes Municipais de Tr\u00e2nsito e Transportes, Motorista Escolar, Inspetor de Alunos- Zona Urbana, Agente Patrimonial Escolar, Merendeira Escolar \u2013 Zona Urbana, Merendeira Escolar \u2013 Zona Rural para o S\u00edtio Barreiros, Cozinheiro Plantonista, Art\u00edfice \u2013 Pedreiro e Pintor, Auxiliar de Apoio Escolar \u2013 Zona Urbana e Zona Rural para o S\u00edtio Barreiros, Auxiliar de Servi\u00e7os Diversos Plantonista, Auxiliar de Servi\u00e7os Diversos Plantonista \u2013 Deficiente, Porteiro, Agente de Manuten\u00e7\u00e3o, Gari, Gari Por de Defici\u00eancia, Vigia, entre outros incluindo a \u00e1rea de sa\u00fade.<\/p>\n<p>Os convocados devem comparecer sede da Prefeitura Municipal na Secretaria Municipal de Administra\u00e7\u00e3o, \u00e0 Avenida Ol\u00edmpio Gomes, S\/N, Centro \u2013 Em cima do Banco do Brasil, at\u00e9 dia 30 dias corridos a partir da presente data 17\/01\/2018, munidos dos documentos e habilita\u00e7\u00f5es exigidas no edital.<\/p>\n<p>O n\u00e3o comparecimento dos aprovados at\u00e9 a data fixada ser\u00e1 interpretado como desist\u00eancia ficando a cargo da Prefeitura convocar o candidato imediato classificado.<\/p>\n<p><strong>CARIRI EM A\u00c7\u00c3O<\/strong><\/p>\n<p><em>Com O Pipoco\/Foto: Reprodu\u00e7\u00e3o Internet<\/em><\/p>\n<p><strong>Leia mais not\u00edcias em\u00a0<\/strong><a href=\"http:\/\/www.caririemacao.com\/\"><strong>caririemacao.com<\/strong><\/a><strong>, siga nossa p\u00e1gina no\u00a0<\/strong><a href=\"https:\/\/www.facebook.com\/CaririEmAcao\/?ref=aymt_homepage_panel\"><strong>Facebook<\/strong><\/a>,<strong>\u00a0<\/strong><a href=\"https:\/\/www.instagram.com\/cariri_em_acao\/?hl=pt-br\"><strong>Instagram<\/strong><\/a><strong>\u00a0e\u00a0<\/strong><a href=\"https:\/\/www.youtube.com\/channel\/UCAptA0jQuYQy8vMhLt2m4qg\"><strong>Youtube<\/strong><\/a><strong>\u00a0e veja nossas mat\u00e9rias, v\u00eddeos e fotos. Voc\u00ea tamb\u00e9m pode enviar informa\u00e7\u00f5es \u00e0 Reda\u00e7\u00e3o do Portal Cariri em A\u00e7\u00e3o pelo WhatsApp (83) 9 9634.5791, (83) 9 9601-1162.<\/strong><\/p>\n<p>&nbsp;<\/p>\n","protected":false},"excerpt":{"rendered":"<p>A Prefeitura de Monteiro publicou na tarde da quarta-feira, dia 17 de janeiro, o edital de convoca\u00e7\u00e3o de posse referente ao processo seletivo do Concurso&hellip; <\/p>\n","protected":false},"author":2,"featured_media":37784,"comment_status":"closed","ping_status":"closed","sticky":false,"template":"","format":"standard","meta":{"sfsi_plus_gutenberg_text_before_share":"","sfsi_plus_gutenberg_show_text_before_share":"","sfsi_plus_gutenberg_icon_type":"","sfsi_plus_gutenberg_icon_alignemt":"","sfsi_plus_gutenburg_max_per_row":"","footnotes":""},"categories":[2],"tags":[],"class_list":["post-37783","post","type-post","status-publish","format-standard","has-post-thumbnail","hentry","category-geral"],"_links":{"self":[{"href":"https:\/\/www.caririemacao.com\/1\/wp-json\/wp\/v2\/posts\/37783","targetHints":{"allow":["GET"]}}],"collection":[{"href":"https:\/\/www.caririemacao.com\/1\/wp-json\/wp\/v2\/posts"}],"about":[{"href":"https:\/\/www.caririemacao.com\/1\/wp-json\/wp\/v2\/types\/post"}],"author":[{"embeddable":true,"href":"https:\/\/www.caririemacao.com\/1\/wp-json\/wp\/v2\/users\/2"}],"replies":[{"embeddable":true,"href":"https:\/\/www.caririemacao.com\/1\/wp-json\/wp\/v2\/comments?post=37783"}],"version-history":[{"count":0,"href":"https:\/\/www.caririemacao.com\/1\/wp-json\/wp\/v2\/posts\/37783\/revisions"}],"wp:featuredmedia":[{"embeddable":true,"href":"https:\/\/www.caririemacao.com\/1\/wp-json\/wp\/v2\/media\/37784"}],"wp:attachment":[{"href":"https:\/\/www.caririemacao.com\/1\/wp-json\/wp\/v2\/media?parent=37783"}],"wp:term":[{"taxonomy":"category","embeddable":true,"href":"https:\/\/www.caririemacao.com\/1\/wp-json\/wp\/v2\/categories?post=37783"},{"taxonomy":"post_tag","embeddable":true,"href":"https:\/\/www.caririemacao.com\/1\/wp-json\/wp\/v2\/tags?post=37783"}],"curies":[{"name":"wp","href":"https:\/\/api.w.org\/{rel}","templated":true}]}}