{"id":37786,"date":"2018-01-18T06:34:03","date_gmt":"2018-01-18T09:34:03","guid":{"rendered":"http:\/\/caririemacao.com\/1\/?p=37786"},"modified":"2018-01-18T06:34:03","modified_gmt":"2018-01-18T09:34:03","slug":"beira-mar-deve-permanecer-no-regime-disciplinar-diferenciado","status":"publish","type":"post","link":"https:\/\/www.caririemacao.com\/1\/2018\/01\/18\/beira-mar-deve-permanecer-no-regime-disciplinar-diferenciado\/","title":{"rendered":"Beira-Mar deve permanecer no regime disciplinar diferenciado"},"content":{"rendered":"<p>Por unanimidade, a Segunda Turma do Tribunal Regional Federal da 5\u00aa Regi\u00e3o (TRF5), no Recife, acolheu o parecer do Minist\u00e9rio P\u00fablico Federal (MPF) e decidiu manter Luiz Fernando da Costa, o \u201cFernandinho Beira Mar\u201d, no regime disciplinar diferenciado.<\/p>\n<p>Beira Mar foi inclu\u00eddo nesse regime, pelo prazo de 360 dias, quando ainda estava recluso na Penitenci\u00e1ria Federal de Porto Velho, em Rond\u00f4nia, ap\u00f3s ter sido deflagrada a Opera\u00e7\u00e3o Ep\u00edstolas, em maio de 2017. A investiga\u00e7\u00e3o mostrou que Luiz Fernando, mesmo recluso, mantinha o comando sobre organiza\u00e7\u00f5es criminosas e detinha o controle do tr\u00e1fico de drogas e de outras atividades criminosas em Duque de Caxias, na Baixada Fluminense, Rio de Janeiro.<\/p>\n<p>Transferido pouco depois para a Penitenci\u00e1ria Federal de Mossor\u00f3, no Rio Grande do Norte, Beira Mar recorreu ao TRF5 contra a decis\u00e3o judicial que o manteve no regime disciplinar diferenciado em Mossor\u00f3. Segundo ele, a medida seria irregular, uma vez que fora inclu\u00eddo no regime pelo juiz corregedor da Penitenci\u00e1ria de Porto Velho e n\u00e3o da pris\u00e3o de Mossor\u00f3. Al\u00e9m disso, alegou que as regras estipuladas para o cumprimento do regime eram mais r\u00edgidas do que as previstas em lei.<\/p>\n<p>Para o MPF, as regras estabelecidas para o regime diferenciado em que Beira Mar foi inclu\u00eddo precisavam ser mais r\u00edgidas, para evitar que ele continuasse a praticar crimes mesmo preso. Afinal, era justamente nas visitas sociais e \u00edntimas e no contato com outros detentos, durante o banho de sol, que ele se comunicava facilmente com os demais integrantes da organiza\u00e7\u00e3o criminosa sob seu comando.<\/p>\n<p><strong>Ficha criminal<\/strong><\/p>\n<p>De acordo com o MPF, Fernandinho Beira Mar \u00e9 um dos criminosos mais perigosos do pa\u00eds, e acumulou 328 anos, 8 meses e 6 dias de pena privativa de liberdade em 15 condena\u00e7\u00f5es por tr\u00e1fico de drogas, homic\u00eddio e outros crimes. Embora preso desde junho de 1996, tem continuado a liderar sua organiza\u00e7\u00e3o criminosa, mesmo dentro do sistema penitenci\u00e1rio. A exclus\u00e3o do regime em que se encontra deixar\u00e1 a sociedade e o pr\u00f3prio Poder Judici\u00e1rio expostos a riscos intoler\u00e1veis., diz o \u00f3rg\u00e3o.<\/p>\n<p><strong>CARIRI EM A\u00c7\u00c3O<\/strong><\/p>\n<p><em>Com Bras\u00edlia de Fato\/Foto: Reprodu\u00e7\u00e3o google<\/em><\/p>\n<p><strong>Leia mais not\u00edcias em\u00a0<\/strong><a href=\"http:\/\/www.caririemacao.com\/\"><strong>caririemacao.com<\/strong><\/a><strong>, siga nossa p\u00e1gina no\u00a0<\/strong><a href=\"https:\/\/www.facebook.com\/CaririEmAcao\/?ref=aymt_homepage_panel\"><strong>Facebook<\/strong><\/a>,<strong>\u00a0<\/strong><a href=\"https:\/\/www.instagram.com\/cariri_em_acao\/?hl=pt-br\"><strong>Instagram<\/strong><\/a><strong>\u00a0e\u00a0<\/strong><a href=\"https:\/\/www.youtube.com\/channel\/UCAptA0jQuYQy8vMhLt2m4qg\"><strong>Youtube<\/strong><\/a><strong>\u00a0e veja nossas mat\u00e9rias, v\u00eddeos e fotos. Voc\u00ea tamb\u00e9m pode enviar informa\u00e7\u00f5es \u00e0 Reda\u00e7\u00e3o do Portal Cariri em A\u00e7\u00e3o pelo WhatsApp (83) 9 9634.5791, (83) 9 9601-1162.<\/strong><\/p>\n","protected":false},"excerpt":{"rendered":"<p>Por unanimidade, a Segunda Turma do Tribunal Regional Federal da 5\u00aa Regi\u00e3o (TRF5), no Recife, acolheu o parecer do Minist\u00e9rio P\u00fablico Federal (MPF) e decidiu&hellip; <\/p>\n","protected":false},"author":2,"featured_media":37787,"comment_status":"closed","ping_status":"closed","sticky":false,"template":"","format":"standard","meta":{"sfsi_plus_gutenberg_text_before_share":"","sfsi_plus_gutenberg_show_text_before_share":"","sfsi_plus_gutenberg_icon_type":"","sfsi_plus_gutenberg_icon_alignemt":"","sfsi_plus_gutenburg_max_per_row":"","footnotes":""},"categories":[12],"tags":[],"class_list":["post-37786","post","type-post","status-publish","format-standard","has-post-thumbnail","hentry","category-policia"],"_links":{"self":[{"href":"https:\/\/www.caririemacao.com\/1\/wp-json\/wp\/v2\/posts\/37786","targetHints":{"allow":["GET"]}}],"collection":[{"href":"https:\/\/www.caririemacao.com\/1\/wp-json\/wp\/v2\/posts"}],"about":[{"href":"https:\/\/www.caririemacao.com\/1\/wp-json\/wp\/v2\/types\/post"}],"author":[{"embeddable":true,"href":"https:\/\/www.caririemacao.com\/1\/wp-json\/wp\/v2\/users\/2"}],"replies":[{"embeddable":true,"href":"https:\/\/www.caririemacao.com\/1\/wp-json\/wp\/v2\/comments?post=37786"}],"version-history":[{"count":0,"href":"https:\/\/www.caririemacao.com\/1\/wp-json\/wp\/v2\/posts\/37786\/revisions"}],"wp:featuredmedia":[{"embeddable":true,"href":"https:\/\/www.caririemacao.com\/1\/wp-json\/wp\/v2\/media\/37787"}],"wp:attachment":[{"href":"https:\/\/www.caririemacao.com\/1\/wp-json\/wp\/v2\/media?parent=37786"}],"wp:term":[{"taxonomy":"category","embeddable":true,"href":"https:\/\/www.caririemacao.com\/1\/wp-json\/wp\/v2\/categories?post=37786"},{"taxonomy":"post_tag","embeddable":true,"href":"https:\/\/www.caririemacao.com\/1\/wp-json\/wp\/v2\/tags?post=37786"}],"curies":[{"name":"wp","href":"https:\/\/api.w.org\/{rel}","templated":true}]}}