{"id":37792,"date":"2018-01-18T07:02:20","date_gmt":"2018-01-18T10:02:20","guid":{"rendered":"http:\/\/caririemacao.com\/1\/?p=37792"},"modified":"2018-01-18T07:02:20","modified_gmt":"2018-01-18T10:02:20","slug":"cunha-nomeou-todo-o-governo-temer-acusa-renan","status":"publish","type":"post","link":"https:\/\/www.caririemacao.com\/1\/2018\/01\/18\/cunha-nomeou-todo-o-governo-temer-acusa-renan\/","title":{"rendered":"Cunha nomeou todo o governo Temer\u201d, acusa Renan"},"content":{"rendered":"<p dir=\"ltr\">O senador Renan Calheiros (MDB-AL) voltou a criticar o correligion\u00e1rio Michel Temer e afirmar que o governo \u00e9 comandado pelo deputado cassado Eduardo Cunha (MDB-RJ), preso na Opera\u00e7\u00e3o Lava Jato desde 2016. Na noite da quarta-feira (17), em sua conta no Twitter, o senador afirmou que \u201cEduardo Cunha n\u00e3o nomeou apenas os vices da Caixa, mas todo governo Temer\u201d.<\/p>\n<p dir=\"ltr\"><a href=\"http:\/\/caririemacao.com\/1\/wp-content\/uploads\/2018\/01\/renan_twitter.png\"><img decoding=\"async\" class=\"aligncenter size-medium wp-image-37793 lazyload\" data-src=\"http:\/\/caririemacao.com\/1\/wp-content\/uploads\/2018\/01\/renan_twitter-300x144.png\" alt=\"\" width=\"300\" height=\"144\" data-srcset=\"https:\/\/www.caririemacao.com\/1\/wp-content\/uploads\/2018\/01\/renan_twitter-300x144.png 300w, https:\/\/www.caririemacao.com\/1\/wp-content\/uploads\/2018\/01\/renan_twitter.png 625w\" data-sizes=\"(max-width: 300px) 100vw, 300px\" src=\"data:image\/svg+xml;base64,PHN2ZyB3aWR0aD0iMSIgaGVpZ2h0PSIxIiB4bWxucz0iaHR0cDovL3d3dy53My5vcmcvMjAwMC9zdmciPjwvc3ZnPg==\" style=\"--smush-placeholder-width: 300px; --smush-placeholder-aspect-ratio: 300\/144;\" \/><\/a><\/p>\n<p dir=\"ltr\">Pressionado, Temer afastou ter\u00e7a-feira (16) os quatro vice-presidentes da Caixa a pedido do Banco Central. Antes, o Minist\u00e9rio P\u00fablico Federal (MPF) j\u00e1 tinha pedido que os vices fossem afastados, mas Temer e sua equipe econ\u00f4mica decidiram n\u00e3o acatar a recomenda\u00e7\u00e3o. Ap\u00f3s o BC tamb\u00e9m pedir o afastamento, Temer decidiu afast\u00e1-los. Pelo menos quatro vice-presidentes, al\u00e9m do pr\u00f3prio chefe do banco, Gilberto Occhi, s\u00e3o investigados nas opera\u00e7\u00f5es S\u00e9psis, Cui Bono e Patmos.<\/p>\n<p dir=\"ltr\">Renan disse ainda que Cunha \u201csempre teve tr\u00eas metas: influir nas dela\u00e7\u00f5es transferindo suas responsabilidades; aprovar o impeachment e governar\u201d.<\/p>\n<p dir=\"ltr\">Essa n\u00e3o \u00e9 a primeira vez que Renan afirma que Cunha \u00e9 quem d\u00e1 as cartas no governo de Temer. Em 22 de novembro, quando Marun foi cotado pela primeira vez para assumir a Secretaria de Governo, o alagoano afirmou que Temer deveria indicar Cunha para o minist\u00e9rio que cuida da articula\u00e7\u00e3o pol\u00edtica do governo.<\/p>\n<p dir=\"ltr\">Ap\u00f3s passar duas semanas sem publicar na rede, na primeira postagem de 2018, Renan\u00a0publicou no domingo (14) que come\u00e7ava \u201ca contagem regressiva para o fim desse governo Temeroso\u201d. Desde o in\u00edcio do ano passado, Renan se descolou do governo Temer. O senador criticou o correligion\u00e1rio e acabou gerando um \u201cmal-estar\u201d, desde ent\u00e3o, parte da bancada do partido passou a pedir que ele deixasse a lideran\u00e7a da sigla no Senado.<\/p>\n<p dir=\"ltr\">No fim de junho, ao anunciar sua sa\u00edda da lideran\u00e7a, Renan afirmou que estava se\u00a0\u201dlibertando de uma \u00e2ncora pesada e injusta\u201d. Em aceno ainda mais claro \u00e0 oposi\u00e7\u00e3o do governo Temer, Renan acompanhou Lula em sua passagem por Alagoas, durante a caravana do petista pelo nordeste.<\/p>\n<p><strong>CARIRI EM A\u00c7\u00c3O<\/strong><\/p>\n<p><em>Com Congresso em foco \/Foto:Edilson Rodrigues\u00a0<\/em><\/p>\n<p><strong>Leia mais not\u00edcias em\u00a0<\/strong><a href=\"http:\/\/www.caririemacao.com\/\"><strong>caririemacao.com<\/strong><\/a><strong>, siga nossa p\u00e1gina no\u00a0<\/strong><a href=\"https:\/\/www.facebook.com\/CaririEmAcao\/?ref=aymt_homepage_panel\"><strong>Facebook<\/strong><\/a>,<strong>\u00a0<\/strong><a href=\"https:\/\/www.instagram.com\/cariri_em_acao\/?hl=pt-br\"><strong>Instagram<\/strong><\/a><strong>\u00a0e\u00a0<\/strong><a href=\"https:\/\/www.youtube.com\/channel\/UCAptA0jQuYQy8vMhLt2m4qg\"><strong>Youtube<\/strong><\/a><strong>\u00a0e veja nossas mat\u00e9rias, v\u00eddeos e fotos. Voc\u00ea tamb\u00e9m pode enviar informa\u00e7\u00f5es \u00e0 Reda\u00e7\u00e3o do Portal Cariri em A\u00e7\u00e3o pelo WhatsApp (83) 9 9634.5791, (83) 9 9601-1162.<\/strong><\/p>\n","protected":false},"excerpt":{"rendered":"<p>O senador Renan Calheiros (MDB-AL) voltou a criticar o correligion\u00e1rio Michel Temer e afirmar que o governo \u00e9 comandado pelo deputado cassado Eduardo Cunha (MDB-RJ),&hellip; <\/p>\n","protected":false},"author":2,"featured_media":37795,"comment_status":"closed","ping_status":"closed","sticky":false,"template":"","format":"standard","meta":{"sfsi_plus_gutenberg_text_before_share":"","sfsi_plus_gutenberg_show_text_before_share":"","sfsi_plus_gutenberg_icon_type":"","sfsi_plus_gutenberg_icon_alignemt":"","sfsi_plus_gutenburg_max_per_row":"","footnotes":""},"categories":[11],"tags":[],"class_list":["post-37792","post","type-post","status-publish","format-standard","has-post-thumbnail","hentry","category-politica"],"_links":{"self":[{"href":"https:\/\/www.caririemacao.com\/1\/wp-json\/wp\/v2\/posts\/37792","targetHints":{"allow":["GET"]}}],"collection":[{"href":"https:\/\/www.caririemacao.com\/1\/wp-json\/wp\/v2\/posts"}],"about":[{"href":"https:\/\/www.caririemacao.com\/1\/wp-json\/wp\/v2\/types\/post"}],"author":[{"embeddable":true,"href":"https:\/\/www.caririemacao.com\/1\/wp-json\/wp\/v2\/users\/2"}],"replies":[{"embeddable":true,"href":"https:\/\/www.caririemacao.com\/1\/wp-json\/wp\/v2\/comments?post=37792"}],"version-history":[{"count":0,"href":"https:\/\/www.caririemacao.com\/1\/wp-json\/wp\/v2\/posts\/37792\/revisions"}],"wp:featuredmedia":[{"embeddable":true,"href":"https:\/\/www.caririemacao.com\/1\/wp-json\/wp\/v2\/media\/37795"}],"wp:attachment":[{"href":"https:\/\/www.caririemacao.com\/1\/wp-json\/wp\/v2\/media?parent=37792"}],"wp:term":[{"taxonomy":"category","embeddable":true,"href":"https:\/\/www.caririemacao.com\/1\/wp-json\/wp\/v2\/categories?post=37792"},{"taxonomy":"post_tag","embeddable":true,"href":"https:\/\/www.caririemacao.com\/1\/wp-json\/wp\/v2\/tags?post=37792"}],"curies":[{"name":"wp","href":"https:\/\/api.w.org\/{rel}","templated":true}]}}