{"id":37798,"date":"2018-01-18T07:22:51","date_gmt":"2018-01-18T10:22:51","guid":{"rendered":"http:\/\/caririemacao.com\/1\/?p=37798"},"modified":"2018-01-18T07:22:51","modified_gmt":"2018-01-18T10:22:51","slug":"franca-e-candidato-mesmo-sem-apoio-do-psdb","status":"publish","type":"post","link":"https:\/\/www.caririemacao.com\/1\/2018\/01\/18\/franca-e-candidato-mesmo-sem-apoio-do-psdb\/","title":{"rendered":"Fran\u00e7a \u00e9 candidato mesmo sem apoio do PSDB"},"content":{"rendered":"<p>O vice-governador de S\u00e3o Paulo,\u00a0M\u00e1rcio Fran\u00e7a (PSB), ser\u00e1 candidato a governador nas\u00a0elei\u00e7\u00f5es deste ano\u00a0com ou sem o apoio do\u00a0PSDB, disse quarta-feira, 17, o presidente nacional do PSB, Carlos Siqueira. Em entrevista, o dirigente tamb\u00e9m afirmou que um eventual apoio dos tucanos a Fran\u00e7a n\u00e3o garante em troca, necessariamente, o apoio dos pessebistas \u00e0 candidatura do governador\u00a0Geraldo Alckmin (PSDB)\u00a0\u00e0\u00a0Presid\u00eancia da Rep\u00fablica.<\/p>\n<p>\u201cA candidatura de M\u00e1rcio Fran\u00e7a acontecer\u00e1 com ou sem o apoio do\u00a0PSDB\u00a0e \u00e9 priorit\u00e1ria para o\u00a0PSB. Claro que queremos o apoio do PSDB, mas a\u00ed vai depender deles\u201d, afirmou Siqueira. Segundo o dirigente, a candidatura de Fran\u00e7a \u00e9 uma das nove a governos estaduais que a legenda articula lan\u00e7ar no pleito deste ano. Al\u00e9m de S\u00e3o Paulo, a sigla quer ter candidatos a governador em Minas Gerais, Distrito Federal, Sergipe, Pernambuco, Para\u00edba, Amazonas Tocantins e Esp\u00edrito Santo.<\/p>\n<p>Fran\u00e7a vai assumir o governo de S\u00e3o Paulo em abril deste ano, quando Alckmin deve se desincompatibilizar do cargo para concorrer ao Pal\u00e1cio do Planalto. Mesmo antes de ter a m\u00e1quina p\u00fablica nas m\u00e3os, o pessebista j\u00e1 negocia acordos com outros partidos para garantir tempo de TV para a propaganda partid\u00e1ria. Nesta semana, anunciou apoio do PR e j\u00e1 tem conversas avan\u00e7adas com Solidariedade e PROS, que tamb\u00e9m podem anunciar apoio em breve.<\/p>\n<p>O nome do vice-governador, por\u00e9m, enfrenta resist\u00eancia entre integrantes do PSDB paulista, que n\u00e3o abrem m\u00e3o de candidatura pr\u00f3pria do partido ao Pal\u00e1cio dos Bandeirantes. Entre os poss\u00edveis candidatos tucanos \u00e0 sucess\u00e3o de Alckmin est\u00e3o o prefeito de S\u00e3o Paulo,\u00a0Jo\u00e3o Doria, e o senador\u00a0Jos\u00e9 Serra. Em entrevistas na segunda-feira, 15, Alckmin disse que a decis\u00e3o de quem os tucanos v\u00e3o apoiar ou se v\u00e3o lan\u00e7ar candidatura pr\u00f3pria s\u00f3 ser\u00e1 tomada na conven\u00e7\u00e3o de mar\u00e7o.<\/p>\n<h3>Presid\u00eancia<\/h3>\n<p>O presidente do PSB disse que o partido ainda n\u00e3o sabe como se posicionar\u00e1 na corrida presidencial. Segundo ele, o cen\u00e1rio tem hoje alto \u201cgrau de incerteza\u201d, com a poss\u00edvel condena\u00e7\u00e3o do ex-presidente\u00a0Luiz In\u00e1cio Lula da Silva (PT), que pode torn\u00e1-lo ineleg\u00edvel, e a \u201cincerteza\u201d sobre a candidatura de Alckmin, refletida na recente entrevista do ex-presidente Fernando Henrique Cardoso ao jornal\u00a0<em>O Estado de S. Paulo<\/em>, quando ele disse que o governador precisa provar que \u00e9 capaz de unir os partidos de centro para se viabilizar candidato.<\/p>\n<p>Siqueira ressaltou que v\u00e1rios partidos j\u00e1 procuraram o PSB em busca de apoio a seus candidatos \u00e0 Presid\u00eancia, entre eles, o PT e o Podemos, que quer lan\u00e7ar o senador\u00a0Alvaro Dias (PR). \u201cVamos apoiar o que \u00e9 bom para o Brasil e para os projetos imRportantes para o PSB. Alian\u00e7a \u00e9 sempre a realidade do momento, mas nem sempre \u00e9 o ideal\u201d, declarou o dirigente, evitando se comprometer com um nome.<\/p>\n<p><strong>CARIRI EM A\u00c7\u00c3O<\/strong><\/p>\n<p><em>Com Veja.com\/Foto: Reprodu\u00e7\u00e3o google<\/em><\/p>\n<p><strong>Leia mais not\u00edcias em\u00a0<\/strong><a href=\"http:\/\/www.caririemacao.com\/\"><strong>caririemacao.com<\/strong><\/a><strong>, siga nossa p\u00e1gina no\u00a0<\/strong><a href=\"https:\/\/www.facebook.com\/CaririEmAcao\/?ref=aymt_homepage_panel\"><strong>Facebook<\/strong><\/a>,<strong>\u00a0<\/strong><a href=\"https:\/\/www.instagram.com\/cariri_em_acao\/?hl=pt-br\"><strong>Instagram<\/strong><\/a><strong>\u00a0e\u00a0<\/strong><a href=\"https:\/\/www.youtube.com\/channel\/UCAptA0jQuYQy8vMhLt2m4qg\"><strong>Youtube<\/strong><\/a><strong>\u00a0e veja nossas mat\u00e9rias, v\u00eddeos e fotos. Voc\u00ea tamb\u00e9m pode enviar informa\u00e7\u00f5es \u00e0 Reda\u00e7\u00e3o do Portal Cariri em A\u00e7\u00e3o pelo WhatsApp (83) 9 9634.5791, (83) 9 9601-1162.<\/strong><\/p>\n","protected":false},"excerpt":{"rendered":"<p>O vice-governador de S\u00e3o Paulo,\u00a0M\u00e1rcio Fran\u00e7a (PSB), ser\u00e1 candidato a governador nas\u00a0elei\u00e7\u00f5es deste ano\u00a0com ou sem o apoio do\u00a0PSDB, disse quarta-feira, 17, o presidente nacional&hellip; <\/p>\n","protected":false},"author":2,"featured_media":37800,"comment_status":"closed","ping_status":"closed","sticky":false,"template":"","format":"standard","meta":{"sfsi_plus_gutenberg_text_before_share":"","sfsi_plus_gutenberg_show_text_before_share":"","sfsi_plus_gutenberg_icon_type":"","sfsi_plus_gutenberg_icon_alignemt":"","sfsi_plus_gutenburg_max_per_row":"","footnotes":""},"categories":[1],"tags":[],"class_list":["post-37798","post","type-post","status-publish","format-standard","has-post-thumbnail","hentry","category-o-site"],"_links":{"self":[{"href":"https:\/\/www.caririemacao.com\/1\/wp-json\/wp\/v2\/posts\/37798","targetHints":{"allow":["GET"]}}],"collection":[{"href":"https:\/\/www.caririemacao.com\/1\/wp-json\/wp\/v2\/posts"}],"about":[{"href":"https:\/\/www.caririemacao.com\/1\/wp-json\/wp\/v2\/types\/post"}],"author":[{"embeddable":true,"href":"https:\/\/www.caririemacao.com\/1\/wp-json\/wp\/v2\/users\/2"}],"replies":[{"embeddable":true,"href":"https:\/\/www.caririemacao.com\/1\/wp-json\/wp\/v2\/comments?post=37798"}],"version-history":[{"count":0,"href":"https:\/\/www.caririemacao.com\/1\/wp-json\/wp\/v2\/posts\/37798\/revisions"}],"wp:featuredmedia":[{"embeddable":true,"href":"https:\/\/www.caririemacao.com\/1\/wp-json\/wp\/v2\/media\/37800"}],"wp:attachment":[{"href":"https:\/\/www.caririemacao.com\/1\/wp-json\/wp\/v2\/media?parent=37798"}],"wp:term":[{"taxonomy":"category","embeddable":true,"href":"https:\/\/www.caririemacao.com\/1\/wp-json\/wp\/v2\/categories?post=37798"},{"taxonomy":"post_tag","embeddable":true,"href":"https:\/\/www.caririemacao.com\/1\/wp-json\/wp\/v2\/tags?post=37798"}],"curies":[{"name":"wp","href":"https:\/\/api.w.org\/{rel}","templated":true}]}}