{"id":37804,"date":"2018-01-18T08:02:33","date_gmt":"2018-01-18T11:02:33","guid":{"rendered":"http:\/\/caririemacao.com\/1\/?p=37804"},"modified":"2018-01-18T08:02:33","modified_gmt":"2018-01-18T11:02:33","slug":"pagamento-do-pis-pasep-2017-2018-para-nascidos-em-janeiro-e-fevereiro-comeca-nesta-quinta","status":"publish","type":"post","link":"https:\/\/www.caririemacao.com\/1\/2018\/01\/18\/pagamento-do-pis-pasep-2017-2018-para-nascidos-em-janeiro-e-fevereiro-comeca-nesta-quinta\/","title":{"rendered":"Pagamento do Pis-Pasep 2017-2018 para nascidos em janeiro e fevereiro come\u00e7a nesta quinta"},"content":{"rendered":"<p>Come\u00e7a a ser depositado nesta quinta-feira (18) o abono salarial PIS do calend\u00e1rio 2017-2018, ano-base 2016, para os trabalhadores da iniciativa privada nascidos em janeiro e fevereiro. No caso do Pasep, que \u00e9 pago para servidores p\u00fablicos por meio da Banco do Brasil, o pagamento come\u00e7a para quem tem final da inscri\u00e7\u00e3o 5. O PIS \u00e9 pago na Caixa Econ\u00f4mica.<\/p>\n<p>De acordo com o calend\u00e1rio, os nascidos entre janeiro e junho receber\u00e3o o PIS no 1\u00ba trimestre de 2018. J\u00e1 quem nasceu nos meses de julho a dezembro receberam o benef\u00edcio ainda no ano de 2017. Em qualquer situa\u00e7\u00e3o, o recurso ficar\u00e1 \u00e0 disposi\u00e7\u00e3o do trabalhador at\u00e9 29 de junho de 2018, prazo final para o recebimento.<\/p>\n<p>Para o exerc\u00edcio 2017\/2018 ser\u00e3o destinados R$ 16,9 bilh\u00f5es para pagamento do abono salarial a 24,3 milh\u00f5es de trabalhadores. S\u00f3 dentro do PIS s\u00e3o R$ 15,7 bilh\u00f5es para 22,1 milh\u00f5es de benefici\u00e1rios, segundo a Caixa Econ\u00f4mica Federal.<\/p>\n<p>Neste 7\u00ba lote, s\u00f3 no PIS, 3,5 milh\u00f5es de pessoas t\u00eam direito a R$ 2,5 bilh\u00f5es, segundo a Caixa Econ\u00f4mica Federal.<\/p>\n<p><strong>CARIRI EM A\u00c7\u00c3O<\/strong><\/p>\n<p><em>Com G1\/Foto: Reprodu\u00e7\u00e3o google<\/em><\/p>\n<p><strong>Leia mais not\u00edcias em\u00a0<\/strong><a href=\"http:\/\/www.caririemacao.com\/\"><strong>caririemacao.com<\/strong><\/a><strong>, siga nossa p\u00e1gina no\u00a0<\/strong><a href=\"https:\/\/www.facebook.com\/CaririEmAcao\/?ref=aymt_homepage_panel\"><strong>Facebook<\/strong><\/a>,<strong>\u00a0<\/strong><a href=\"https:\/\/www.instagram.com\/cariri_em_acao\/?hl=pt-br\"><strong>Instagram<\/strong><\/a><strong>\u00a0e\u00a0<\/strong><a href=\"https:\/\/www.youtube.com\/channel\/UCAptA0jQuYQy8vMhLt2m4qg\"><strong>Youtube<\/strong><\/a><strong>\u00a0e veja nossas mat\u00e9rias, v\u00eddeos e fotos. Voc\u00ea tamb\u00e9m pode enviar informa\u00e7\u00f5es \u00e0 Reda\u00e7\u00e3o do Portal Cariri em A\u00e7\u00e3o pelo WhatsApp (83) 9 9634.5791, (83) 9 9601-1162.<\/strong><\/p>\n","protected":false},"excerpt":{"rendered":"<p>Come\u00e7a a ser depositado nesta quinta-feira (18) o abono salarial PIS do calend\u00e1rio 2017-2018, ano-base 2016, para os trabalhadores da iniciativa privada nascidos em janeiro&hellip; <\/p>\n","protected":false},"author":2,"featured_media":37805,"comment_status":"closed","ping_status":"closed","sticky":false,"template":"","format":"standard","meta":{"sfsi_plus_gutenberg_text_before_share":"","sfsi_plus_gutenberg_show_text_before_share":"","sfsi_plus_gutenberg_icon_type":"","sfsi_plus_gutenberg_icon_alignemt":"","sfsi_plus_gutenburg_max_per_row":"","footnotes":""},"categories":[2],"tags":[],"class_list":["post-37804","post","type-post","status-publish","format-standard","has-post-thumbnail","hentry","category-geral"],"_links":{"self":[{"href":"https:\/\/www.caririemacao.com\/1\/wp-json\/wp\/v2\/posts\/37804","targetHints":{"allow":["GET"]}}],"collection":[{"href":"https:\/\/www.caririemacao.com\/1\/wp-json\/wp\/v2\/posts"}],"about":[{"href":"https:\/\/www.caririemacao.com\/1\/wp-json\/wp\/v2\/types\/post"}],"author":[{"embeddable":true,"href":"https:\/\/www.caririemacao.com\/1\/wp-json\/wp\/v2\/users\/2"}],"replies":[{"embeddable":true,"href":"https:\/\/www.caririemacao.com\/1\/wp-json\/wp\/v2\/comments?post=37804"}],"version-history":[{"count":0,"href":"https:\/\/www.caririemacao.com\/1\/wp-json\/wp\/v2\/posts\/37804\/revisions"}],"wp:featuredmedia":[{"embeddable":true,"href":"https:\/\/www.caririemacao.com\/1\/wp-json\/wp\/v2\/media\/37805"}],"wp:attachment":[{"href":"https:\/\/www.caririemacao.com\/1\/wp-json\/wp\/v2\/media?parent=37804"}],"wp:term":[{"taxonomy":"category","embeddable":true,"href":"https:\/\/www.caririemacao.com\/1\/wp-json\/wp\/v2\/categories?post=37804"},{"taxonomy":"post_tag","embeddable":true,"href":"https:\/\/www.caririemacao.com\/1\/wp-json\/wp\/v2\/tags?post=37804"}],"curies":[{"name":"wp","href":"https:\/\/api.w.org\/{rel}","templated":true}]}}