{"id":37812,"date":"2018-01-18T08:20:10","date_gmt":"2018-01-18T11:20:10","guid":{"rendered":"http:\/\/caririemacao.com\/1\/?p=37812"},"modified":"2018-01-18T08:20:47","modified_gmt":"2018-01-18T11:20:47","slug":"em-menos-de-dez-dias-segundo-caso-de-febre-amarela-e-investigado-em-pernambuco","status":"publish","type":"post","link":"https:\/\/www.caririemacao.com\/1\/2018\/01\/18\/em-menos-de-dez-dias-segundo-caso-de-febre-amarela-e-investigado-em-pernambuco\/","title":{"rendered":"Em menos de dez dias, segundo caso de febre amarela \u00e9 investigado em Pernambuco"},"content":{"rendered":"<p>Ap\u00f3s as primeiras suspeitas de casos de febre amarela, em Pernambuco em menos de 10 dias, com investiga\u00e7\u00f5es em curso, a procura pela vacina aumentou em 50% no Recife. Segundo a Secretaria de Sa\u00fade da cidade, com o aumento de 700 doses na demanda, a popula\u00e7\u00e3o que chega \u00e0s cl\u00ednicas p\u00fablicas recebe orienta\u00e7\u00f5es sobre os servi\u00e7os e a garantia de que a regi\u00e3o nordeste n\u00e3o conta com nenhuma evid\u00eancia de transmiss\u00e3o. Sendo assim, n\u00e3o h\u00e1 a necessidade de vacina\u00e7\u00e3o para seus residentes. A indica\u00e7\u00e3o \u00e9 somente para quem vai viajar para as \u00e1reas de risco &#8211; regi\u00f5es Norte, Centro-oeste e Sudeste. Para quem pretende viajar, por turismo ou trabalho, a vacina deve ser tomada 10 dias antes para que o corpo produza os anticorpos necess\u00e1rios.<\/p>\n<p>Ainda segundo a Secretaria de Sa\u00fade, embora a demanda tenha aumentado, o abastecimento est\u00e1 normal. Mensalmente, 2.000 doses s\u00e3o distribu\u00eddas. Em janeiro, o volume aumentou em 700 unidades. O motorista recifense Eduardo Moura, de 39 anos, foi um dos pacientes que compareceu ontem \u00e0 uma unidade de sa\u00fade para se prevenir antes de ir embarcar para terras cariocas. \u201cVou passar o carnaval no Rio de Janeiro com meus pais e tios. Todos j\u00e1 se vacinaram, hoje vim fazer a minha parte. Ficamos sabendo da doen\u00e7a pela televis\u00e3o e, mesmo sem ter hist\u00f3rico na fam\u00edlia, preferimos garantir nossa sa\u00fade\u201d, conta.<\/p>\n<p>\u00c0s v\u00e9speras da folia, um material informativo bil\u00edngue, em portugu\u00eas e ingl\u00eas, est\u00e1 sendo produzido para receber os que chegam nos dias de festa. No folheto, as boas-vindas, o esclarecimento de que o estado n\u00e3o oferece risco e as orienta\u00e7\u00f5es necess\u00e1rias relativas \u00e0 presen\u00e7a de algum sintoma. Febre alta, dor de cabe\u00e7a, parte branca do olho amarelada ou sinais de hemorragia, como sangramento nasal, v\u00f4mito ou fezes com sangue, pode ser ind\u00edcio de febre amarela.<\/p>\n<p><strong>CARIRI EM A\u00c7\u00c3O<\/strong><\/p>\n<p><em>Com Di\u00e1rio de Pernambuco\/Foto: Reprodu\u00e7\u00e3o google<\/em><\/p>\n<p><strong>Leia mais not\u00edcias em\u00a0<\/strong><a href=\"http:\/\/www.caririemacao.com\/\"><strong>caririemacao.com<\/strong><\/a><strong>, siga nossa p\u00e1gina no\u00a0<\/strong><a href=\"https:\/\/www.facebook.com\/CaririEmAcao\/?ref=aymt_homepage_panel\"><strong>Facebook<\/strong><\/a>,<strong>\u00a0<\/strong><a href=\"https:\/\/www.instagram.com\/cariri_em_acao\/?hl=pt-br\"><strong>Instagram<\/strong><\/a><strong>\u00a0e\u00a0<\/strong><a href=\"https:\/\/www.youtube.com\/channel\/UCAptA0jQuYQy8vMhLt2m4qg\"><strong>Youtube<\/strong><\/a><strong>\u00a0e veja nossas mat\u00e9rias, v\u00eddeos e fotos. Voc\u00ea tamb\u00e9m pode enviar informa\u00e7\u00f5es \u00e0 Reda\u00e7\u00e3o do Portal Cariri em A\u00e7\u00e3o pelo WhatsApp (83) 9 9634.5791, (83) 9 9601-1162.<\/strong><\/p>\n","protected":false},"excerpt":{"rendered":"<p>Ap\u00f3s as primeiras suspeitas de casos de febre amarela, em Pernambuco em menos de 10 dias, com investiga\u00e7\u00f5es em curso, a procura pela vacina aumentou&hellip; <\/p>\n","protected":false},"author":2,"featured_media":37813,"comment_status":"closed","ping_status":"closed","sticky":false,"template":"","format":"standard","meta":{"sfsi_plus_gutenberg_text_before_share":"","sfsi_plus_gutenberg_show_text_before_share":"","sfsi_plus_gutenberg_icon_type":"","sfsi_plus_gutenberg_icon_alignemt":"","sfsi_plus_gutenburg_max_per_row":"","footnotes":""},"categories":[16],"tags":[],"class_list":["post-37812","post","type-post","status-publish","format-standard","has-post-thumbnail","hentry","category-saude"],"_links":{"self":[{"href":"https:\/\/www.caririemacao.com\/1\/wp-json\/wp\/v2\/posts\/37812","targetHints":{"allow":["GET"]}}],"collection":[{"href":"https:\/\/www.caririemacao.com\/1\/wp-json\/wp\/v2\/posts"}],"about":[{"href":"https:\/\/www.caririemacao.com\/1\/wp-json\/wp\/v2\/types\/post"}],"author":[{"embeddable":true,"href":"https:\/\/www.caririemacao.com\/1\/wp-json\/wp\/v2\/users\/2"}],"replies":[{"embeddable":true,"href":"https:\/\/www.caririemacao.com\/1\/wp-json\/wp\/v2\/comments?post=37812"}],"version-history":[{"count":0,"href":"https:\/\/www.caririemacao.com\/1\/wp-json\/wp\/v2\/posts\/37812\/revisions"}],"wp:featuredmedia":[{"embeddable":true,"href":"https:\/\/www.caririemacao.com\/1\/wp-json\/wp\/v2\/media\/37813"}],"wp:attachment":[{"href":"https:\/\/www.caririemacao.com\/1\/wp-json\/wp\/v2\/media?parent=37812"}],"wp:term":[{"taxonomy":"category","embeddable":true,"href":"https:\/\/www.caririemacao.com\/1\/wp-json\/wp\/v2\/categories?post=37812"},{"taxonomy":"post_tag","embeddable":true,"href":"https:\/\/www.caririemacao.com\/1\/wp-json\/wp\/v2\/tags?post=37812"}],"curies":[{"name":"wp","href":"https:\/\/api.w.org\/{rel}","templated":true}]}}