{"id":37818,"date":"2018-01-18T08:37:45","date_gmt":"2018-01-18T11:37:45","guid":{"rendered":"http:\/\/caririemacao.com\/1\/?p=37818"},"modified":"2018-01-18T08:44:02","modified_gmt":"2018-01-18T11:44:02","slug":"policia-prende-suspeito-de-tentar-matar-tio-e-apreende-armas-e-drogas","status":"publish","type":"post","link":"https:\/\/www.caririemacao.com\/1\/2018\/01\/18\/policia-prende-suspeito-de-tentar-matar-tio-e-apreende-armas-e-drogas\/","title":{"rendered":"Pol\u00edcia prende suspeito de tentar matar tio e apreende armas e drogas"},"content":{"rendered":"<p>A Pol\u00edcia Militar prendeu o principal suspeito de uma tentativa de homic\u00eddio que ocorreu na manh\u00e3 desta quarta-feira (17), em Nova Floresta, munic\u00edpio a 235 quil\u00f4metros de dist\u00e2ncia de Jo\u00e3o Pessoa. Durante a a\u00e7\u00e3o, a PM apreendeu duas armas de fogo, drogas e muni\u00e7\u00f5es. A v\u00edtima, que ficou ferida ap\u00f3s os disparos sofridos, tamb\u00e9m foi presa por posse ilegal de arma de fogo.<\/p>\n<p>Por volta das 10h, policiais do 9\u00ba Batalh\u00e3o foram atender uma ocorr\u00eancia de disparo de arma de fogo quando localizaram um suspeito, de 22 anos, com uma espingarda de fabrica\u00e7\u00e3o caseira. Segundo os policiais, suspeito e v\u00edtima seriam sobrinho e tio, respectivamente, e moravam no mesmo local. \u201cEle confessou que ocorreram discuss\u00f5es, vias de fato e que teria atirado contra a v\u00edtima\u201d, disse o soldado L\u00facio Guedes, que coordenou a a\u00e7\u00e3o.<\/p>\n<p>Durante as dilig\u00eancias, policiais encontraram no quarto do suspeito dinheiro e por\u00e7\u00f5es de subst\u00e2ncia semelhante \u00e0 maconha embaladas e fracionadas, prontas para distribui\u00e7\u00e3o.<\/p>\n<p>\u201cJ\u00e1 no quarto da v\u00edtima, localizamos um rev\u00f3lver, que tamb\u00e9m foi apreendido\u201d, concluiu o policial. O suspeito foi preso e autuado por tentativa de homic\u00eddio e tr\u00e1fico de drogas.<\/p>\n<p>A v\u00edtima, que recebeu atendimento m\u00e9dico e foi encaminhada para o Hospital de Emerg\u00eancia e Trauma de Campina Grande, tamb\u00e9m foi autuada por posse ilegal de arma de fogo.<\/p>\n<p><strong>CARIRI EM A\u00c7\u00c3O<\/strong><\/p>\n<p><em>Com Mais PB<\/em>\/<em>Foto: Reprodu\u00e7\u00e3o google<\/em><\/p>\n<p><strong>Leia mais not\u00edcias em\u00a0<\/strong><a href=\"http:\/\/www.caririemacao.com\/\"><strong>caririemacao.com<\/strong><\/a><strong>, siga nossa p\u00e1gina no\u00a0<\/strong><a href=\"https:\/\/www.facebook.com\/CaririEmAcao\/?ref=aymt_homepage_panel\"><strong>Facebook<\/strong><\/a>,<strong>\u00a0<\/strong><a href=\"https:\/\/www.instagram.com\/cariri_em_acao\/?hl=pt-br\"><strong>Instagram<\/strong><\/a><strong>\u00a0e\u00a0<\/strong><a href=\"https:\/\/www.youtube.com\/channel\/UCAptA0jQuYQy8vMhLt2m4qg\"><strong>Youtube<\/strong><\/a><strong>\u00a0e veja nossas mat\u00e9rias, v\u00eddeos e fotos. Voc\u00ea tamb\u00e9m pode enviar informa\u00e7\u00f5es \u00e0 Reda\u00e7\u00e3o do Portal Cariri em A\u00e7\u00e3o pelo WhatsApp (83) 9 9634.5791, (83) 9 9601-1162.<\/strong><\/p>\n","protected":false},"excerpt":{"rendered":"<p>A Pol\u00edcia Militar prendeu o principal suspeito de uma tentativa de homic\u00eddio que ocorreu na manh\u00e3 desta quarta-feira (17), em Nova Floresta, munic\u00edpio a 235&hellip; <\/p>\n","protected":false},"author":2,"featured_media":37820,"comment_status":"closed","ping_status":"closed","sticky":false,"template":"","format":"standard","meta":{"sfsi_plus_gutenberg_text_before_share":"","sfsi_plus_gutenberg_show_text_before_share":"","sfsi_plus_gutenberg_icon_type":"","sfsi_plus_gutenberg_icon_alignemt":"","sfsi_plus_gutenburg_max_per_row":"","footnotes":""},"categories":[12],"tags":[],"class_list":["post-37818","post","type-post","status-publish","format-standard","has-post-thumbnail","hentry","category-policia"],"_links":{"self":[{"href":"https:\/\/www.caririemacao.com\/1\/wp-json\/wp\/v2\/posts\/37818","targetHints":{"allow":["GET"]}}],"collection":[{"href":"https:\/\/www.caririemacao.com\/1\/wp-json\/wp\/v2\/posts"}],"about":[{"href":"https:\/\/www.caririemacao.com\/1\/wp-json\/wp\/v2\/types\/post"}],"author":[{"embeddable":true,"href":"https:\/\/www.caririemacao.com\/1\/wp-json\/wp\/v2\/users\/2"}],"replies":[{"embeddable":true,"href":"https:\/\/www.caririemacao.com\/1\/wp-json\/wp\/v2\/comments?post=37818"}],"version-history":[{"count":0,"href":"https:\/\/www.caririemacao.com\/1\/wp-json\/wp\/v2\/posts\/37818\/revisions"}],"wp:featuredmedia":[{"embeddable":true,"href":"https:\/\/www.caririemacao.com\/1\/wp-json\/wp\/v2\/media\/37820"}],"wp:attachment":[{"href":"https:\/\/www.caririemacao.com\/1\/wp-json\/wp\/v2\/media?parent=37818"}],"wp:term":[{"taxonomy":"category","embeddable":true,"href":"https:\/\/www.caririemacao.com\/1\/wp-json\/wp\/v2\/categories?post=37818"},{"taxonomy":"post_tag","embeddable":true,"href":"https:\/\/www.caririemacao.com\/1\/wp-json\/wp\/v2\/tags?post=37818"}],"curies":[{"name":"wp","href":"https:\/\/api.w.org\/{rel}","templated":true}]}}