{"id":37834,"date":"2018-01-18T09:23:11","date_gmt":"2018-01-18T12:23:11","guid":{"rendered":"http:\/\/caririemacao.com\/1\/?p=37834"},"modified":"2018-01-18T09:23:11","modified_gmt":"2018-01-18T12:23:11","slug":"cantora-paraibana-e-assaltada-ao-sair-de-casa-em-joao-pessoa","status":"publish","type":"post","link":"https:\/\/www.caririemacao.com\/1\/2018\/01\/18\/cantora-paraibana-e-assaltada-ao-sair-de-casa-em-joao-pessoa\/","title":{"rendered":"Cantora paraibana \u00e9 assaltada ao sair de casa em Jo\u00e3o Pessoa"},"content":{"rendered":"<p>A cantora Renata Arruda foi assaltada no momento em que sa\u00eda de casa nessa quarta-feira (17). A paraibana mora no bairro Aeroclube, em Jo\u00e3o Pessoa.<\/p>\n<p>A cantora foi abordada dentro de seu ve\u00edculo quando estava saindo de casa, os assaltantes obrigaram ela a sair do carro e levaram sua bolsa com documentos. Os bandidos tentaram levar o ve\u00edculo de Renata, mas n\u00e3o conseguiram.<\/p>\n<p>Os mesmos bandidos ainda assaltaram turistas argentinos. Eles foram perseguidos e trocaram tiros com a pol\u00edcia. Os objetos roubados foram recuperados.<\/p>\n<p><strong>CARIRI EM A\u00c7\u00c3O<\/strong><\/p>\n<p><em>Com Clik PB \/Foto:Reprodu\u00e7\u00e3o google<\/em><\/p>\n<p><strong>Leia mais not\u00edcias em\u00a0<\/strong><a href=\"http:\/\/www.caririemacao.com\/\"><strong>caririemacao.com<\/strong><\/a><strong>, siga nossa p\u00e1gina no\u00a0<\/strong><a href=\"https:\/\/www.facebook.com\/CaririEmAcao\/?ref=aymt_homepage_panel\"><strong>Facebook<\/strong><\/a>,<strong>\u00a0<\/strong><a href=\"https:\/\/www.instagram.com\/cariri_em_acao\/?hl=pt-br\"><strong>Instagram<\/strong><\/a><strong>\u00a0e\u00a0<\/strong><a href=\"https:\/\/www.youtube.com\/channel\/UCAptA0jQuYQy8vMhLt2m4qg\"><strong>Youtube<\/strong><\/a><strong>\u00a0e veja nossas mat\u00e9rias, v\u00eddeos e fotos. Voc\u00ea tamb\u00e9m pode enviar informa\u00e7\u00f5es \u00e0 Reda\u00e7\u00e3o do Portal Cariri em A\u00e7\u00e3o pelo WhatsApp (83) 9 9634.5791, (83) 9 9601-1162.<\/strong><\/p>\n","protected":false},"excerpt":{"rendered":"<p>A cantora Renata Arruda foi assaltada no momento em que sa\u00eda de casa nessa quarta-feira (17). A paraibana mora no bairro Aeroclube, em Jo\u00e3o Pessoa.&hellip; <\/p>\n","protected":false},"author":2,"featured_media":37835,"comment_status":"closed","ping_status":"closed","sticky":false,"template":"","format":"standard","meta":{"sfsi_plus_gutenberg_text_before_share":"","sfsi_plus_gutenberg_show_text_before_share":"","sfsi_plus_gutenberg_icon_type":"","sfsi_plus_gutenberg_icon_alignemt":"","sfsi_plus_gutenburg_max_per_row":"","footnotes":""},"categories":[12],"tags":[],"class_list":["post-37834","post","type-post","status-publish","format-standard","has-post-thumbnail","hentry","category-policia"],"_links":{"self":[{"href":"https:\/\/www.caririemacao.com\/1\/wp-json\/wp\/v2\/posts\/37834","targetHints":{"allow":["GET"]}}],"collection":[{"href":"https:\/\/www.caririemacao.com\/1\/wp-json\/wp\/v2\/posts"}],"about":[{"href":"https:\/\/www.caririemacao.com\/1\/wp-json\/wp\/v2\/types\/post"}],"author":[{"embeddable":true,"href":"https:\/\/www.caririemacao.com\/1\/wp-json\/wp\/v2\/users\/2"}],"replies":[{"embeddable":true,"href":"https:\/\/www.caririemacao.com\/1\/wp-json\/wp\/v2\/comments?post=37834"}],"version-history":[{"count":0,"href":"https:\/\/www.caririemacao.com\/1\/wp-json\/wp\/v2\/posts\/37834\/revisions"}],"wp:featuredmedia":[{"embeddable":true,"href":"https:\/\/www.caririemacao.com\/1\/wp-json\/wp\/v2\/media\/37835"}],"wp:attachment":[{"href":"https:\/\/www.caririemacao.com\/1\/wp-json\/wp\/v2\/media?parent=37834"}],"wp:term":[{"taxonomy":"category","embeddable":true,"href":"https:\/\/www.caririemacao.com\/1\/wp-json\/wp\/v2\/categories?post=37834"},{"taxonomy":"post_tag","embeddable":true,"href":"https:\/\/www.caririemacao.com\/1\/wp-json\/wp\/v2\/tags?post=37834"}],"curies":[{"name":"wp","href":"https:\/\/api.w.org\/{rel}","templated":true}]}}