{"id":37842,"date":"2018-01-18T12:19:45","date_gmt":"2018-01-18T15:19:45","guid":{"rendered":"http:\/\/caririemacao.com\/1\/?p=37842"},"modified":"2018-01-18T12:19:45","modified_gmt":"2018-01-18T15:19:45","slug":"adolescente-morre-ao-cair-de-altura-de-20-metros-enquanto-trabalhava-em-pedreira","status":"publish","type":"post","link":"https:\/\/www.caririemacao.com\/1\/2018\/01\/18\/adolescente-morre-ao-cair-de-altura-de-20-metros-enquanto-trabalhava-em-pedreira\/","title":{"rendered":"Adolescente morre ao cair de altura de 20 metros enquanto trabalhava em pedreira"},"content":{"rendered":"<p>Na manh\u00e3 desta quinta-feira (18), um adolescente de 16 anos morreu ao cair de uma altura de 20 metros enquanto trabalhava em uma pedreira no bairro de Mandacaru, em Jo\u00e3o Pessoa. Colegas de trabalho da v\u00edtima, contaram que o adolescente estava sem o equipamento de seguran\u00e7a.<\/p>\n<p>Testemunhas contaram que o adolescente foi atingido por uma pedra e se soltou do cabo de seguran\u00e7a. O pai do adolescente chegou ao local e ainda o encontrou com vida, mas ele morreu pouco tempo depois.<\/p>\n<p>Trabalhadores com mais tempo na empresa contaram que os donos da pedreira entregam os equipamentos de seguran\u00e7a, mas os trabalhadores preferem n\u00e3o usar. O \u00fanico equipamento utilizado \u00e9 o cabo de sustenta\u00e7\u00e3o que fica em toda extens\u00e3o da pedreira.<\/p>\n<p><strong>CARIRI EM A\u00c7\u00c3O<\/strong><\/p>\n<p><em>Com ClikPB \/Foto: Reprodu\u00e7\u00e3o google<\/em><\/p>\n<p><strong>Leia mais not\u00edcias em\u00a0<\/strong><a href=\"http:\/\/www.caririemacao.com\/\"><strong>caririemacao.com<\/strong><\/a><strong>, siga nossa p\u00e1gina no\u00a0<\/strong><a href=\"https:\/\/www.facebook.com\/CaririEmAcao\/?ref=aymt_homepage_panel\"><strong>Facebook<\/strong><\/a>,<strong>\u00a0<\/strong><a href=\"https:\/\/www.instagram.com\/cariri_em_acao\/?hl=pt-br\"><strong>Instagram<\/strong><\/a><strong>\u00a0e\u00a0<\/strong><a href=\"https:\/\/www.youtube.com\/channel\/UCAptA0jQuYQy8vMhLt2m4qg\"><strong>Youtube<\/strong><\/a><strong>\u00a0e veja nossas mat\u00e9rias, v\u00eddeos e fotos. Voc\u00ea tamb\u00e9m pode enviar informa\u00e7\u00f5es \u00e0 Reda\u00e7\u00e3o do Portal Cariri em A\u00e7\u00e3o pelo WhatsApp (83) 9 9634.5791, (83) 9 9601-1162.<\/strong><\/p>\n","protected":false},"excerpt":{"rendered":"<p>Na manh\u00e3 desta quinta-feira (18), um adolescente de 16 anos morreu ao cair de uma altura de 20 metros enquanto trabalhava em uma pedreira no&hellip; <\/p>\n","protected":false},"author":2,"featured_media":37843,"comment_status":"closed","ping_status":"closed","sticky":false,"template":"","format":"standard","meta":{"sfsi_plus_gutenberg_text_before_share":"","sfsi_plus_gutenberg_show_text_before_share":"","sfsi_plus_gutenberg_icon_type":"","sfsi_plus_gutenberg_icon_alignemt":"","sfsi_plus_gutenburg_max_per_row":"","footnotes":""},"categories":[12],"tags":[],"class_list":["post-37842","post","type-post","status-publish","format-standard","has-post-thumbnail","hentry","category-policia"],"_links":{"self":[{"href":"https:\/\/www.caririemacao.com\/1\/wp-json\/wp\/v2\/posts\/37842","targetHints":{"allow":["GET"]}}],"collection":[{"href":"https:\/\/www.caririemacao.com\/1\/wp-json\/wp\/v2\/posts"}],"about":[{"href":"https:\/\/www.caririemacao.com\/1\/wp-json\/wp\/v2\/types\/post"}],"author":[{"embeddable":true,"href":"https:\/\/www.caririemacao.com\/1\/wp-json\/wp\/v2\/users\/2"}],"replies":[{"embeddable":true,"href":"https:\/\/www.caririemacao.com\/1\/wp-json\/wp\/v2\/comments?post=37842"}],"version-history":[{"count":0,"href":"https:\/\/www.caririemacao.com\/1\/wp-json\/wp\/v2\/posts\/37842\/revisions"}],"wp:featuredmedia":[{"embeddable":true,"href":"https:\/\/www.caririemacao.com\/1\/wp-json\/wp\/v2\/media\/37843"}],"wp:attachment":[{"href":"https:\/\/www.caririemacao.com\/1\/wp-json\/wp\/v2\/media?parent=37842"}],"wp:term":[{"taxonomy":"category","embeddable":true,"href":"https:\/\/www.caririemacao.com\/1\/wp-json\/wp\/v2\/categories?post=37842"},{"taxonomy":"post_tag","embeddable":true,"href":"https:\/\/www.caririemacao.com\/1\/wp-json\/wp\/v2\/tags?post=37842"}],"curies":[{"name":"wp","href":"https:\/\/api.w.org\/{rel}","templated":true}]}}